
[{"command":"settings","settings":{"basePath":"\/","pathPrefix":"","setHasJsCookie":0,"eventDefaults":{"selectedDisplay":"map","data":[{"location":"lat: 37.740624, lng: -3.6458491","title":"2026 Niviuk Open Pegalajar 2026","content":"\u003Ch2\u003E2026 Niviuk Open Pegalajar 2026\u003C\/h2\u003E\n\u003Cdiv class=\u0022panelizer-view-mode node node-map node-event node-204312\u0022\u003E\n          \u003Cdiv  class=\u0022penceo-one-column-simple\u0022\u003E\n            \u003Cdiv class=\u0022panel-pane pane-entity-field pane-node-title-field\u0022\u003E\n            \u003Cdiv class=\u0022field field--name-title-field field--type-text field--label-hidden\u0022\u003E\u003Cdiv class=\u0022field__items\u0022\u003E\u003Cdiv class=\u0022field__item even\u0022\u003E\u003Ch3\u003E2026 Niviuk Open Pegalajar 2026\u003C\/h3\u003E\n\u003C\/div\u003E\u003C\/div\u003E\u003C\/div\u003E    \u003C\/div\u003E\n\u003Cdiv class=\u0022panel-pane pane-entity-view pane-node\u0022\u003E\n            \u003Cdiv class=\u0022panelizer-view-mode node node-list-details node-event node-204312\u0022\u003E\n          \u003Cdiv  class=\u0022penceo-one-column-simple\u0022\u003E\n            \u003Cdiv class=\u0022panel-pane pane-list-row-controller\u0022\u003E\n            \u003Cul class=\u0022tabs navigation\u0022\u003E\u003Cli class=\u0022information nav active\u0022 data-id=\u0022information\u0022\u003EInformation\u003C\/li\u003E\n\u003Cli class=\u0022event-organiser nav\u0022 data-id=\u0022event-organiser\u0022\u003EEvent organiser\u003C\/li\u003E\n\u003Cli class=\u0022fai-member-of-the-organising-country nav\u0022 data-id=\u0022fai-member-of-the-organising-country\u0022\u003EFAI Member of the Organising Country\u003C\/li\u003E\n\u003C\/ul\u003E\u003Cdiv class=\u0022switchable-contents\u0022\u003E\n  \u003Cdiv data-id-content=\u0022information\u0022 class=\u0022group-content\u0022\u003E\n          \u003Cdiv class=\u0022row columns\u0022\u003E\n                  \u003Cdiv class=\u0022item-0\u0022\u003EEvent ID\u003C\/div\u003E\n                  \u003Cdiv class=\u0022item-1\u0022\u003EEvent classification\u003C\/div\u003E\n                  \u003Cdiv class=\u0022item-2\u0022\u003EType of event\u003C\/div\u003E\n                  \u003Cdiv class=\u0022item-3\u0022\u003ESport\u003C\/div\u003E\n                  \u003Cdiv class=\u0022item-4\u0022\u003EDisciplines \/ Task Styles\u003C\/div\u003E\n                  \u003Cdiv class=\u0022item-5\u0022\u003EPlace\u003C\/div\u003E\n                  \u003Cdiv class=\u0022item-6\u0022\u003EDate(s)\u003C\/div\u003E\n                  \u003Cdiv class=\u0022item-7\u0022\u003EDocuments\/Links\u003C\/div\u003E\n              \u003C\/div\u003E\n          \u003Cdiv class=\u0022row values\u0022\u003E\n                  \u003Cdiv class=\u0022item-0\u0022\u003E17966\u003C\/div\u003E\n                  \u003Cdiv class=\u0022item-1\u0022\u003EOther upcoming FAI-Sanctioned events (CAT.2)\u003C\/div\u003E\n                  \u003Cdiv class=\u0022item-2\u0022\u003ESecond Category Event\u003C\/div\u003E\n                  \u003Cdiv class=\u0022item-3\u0022\u003EParagliding\u003C\/div\u003E\n                  \u003Cdiv class=\u0022item-4\u0022\u003E\u003Cdiv class=\u0022field field--name-field-discipline-task-list-map field--type-entityreference field--label-hidden\u0022\u003E\u003Cdiv class=\u0022field__items\u0022\u003E\u003Cdiv class=\u0022field__item even\u0022\u003Eclass 3 - Cross Country\u003C\/div\u003E\u003C\/div\u003E\u003C\/div\u003E\u003C\/div\u003E\n                  \u003Cdiv class=\u0022item-5\u0022\u003EPegalajar, ESP\u003C\/div\u003E\n                  \u003Cdiv class=\u0022item-6\u0022\u003E\u003Cdiv class=\u0022date-display-range\u0022\u003E\u003Cdiv class=\u0022date-start\u0022\u003E\u003Cspan class=\u0027day\u0027\u003E04\u003C\/span\u003E \u003Cspan class=\u0027month\u0027\u003EMay\u003C\/span\u003E\u003C\/div\u003E\u003Cspan class=\u0022date-display-to\u0022\u003E - \u003C\/span\u003E\u003Cdiv class=\u0022date-end\u0022\u003E\u003Cspan class=\u0027day\u0027\u003E09\u003C\/span\u003E \u003Cspan class=\u0027month\u0027\u003EMay\u003C\/span\u003E \u003Cspan class=\u0027year\u0027\u003E2026\u003C\/span\u003E\u003C\/div\u003E\u003C\/div\u003E\u003C\/div\u003E\n                  \u003Cdiv class=\u0022item-7\u0022\u003E\u003Cdiv class=\u0022pane-go-to-event-button text\u0022\u003E\u003Cdiv class=\u0022external-link-text\u0022\u003E\u003Ca href=\u0022https:\/\/civlcomps.org\/event\/liga-nacional-pegalajar-2025\u0022 target=\u0022_blank\u0022\u003EOrganiser website\u003C\/a\u003E\u003C\/div\u003E\n\u003C\/div\u003E\n\u003C\/div\u003E\n              \u003C\/div\u003E\n      \u003C\/div\u003E\n  \u003Cdiv data-id-content=\u0022event-organiser\u0022\u003E\n          \u003Cdiv class=\u0022row columns\u0022\u003E\n                  \u003Cdiv class=\u0022item-0\u0022\u003EEvent organiser\u003C\/div\u003E\n                  \u003Cdiv class=\u0022item-1\u0022\u003EContact person\u003C\/div\u003E\n                  \u003Cdiv class=\u0022item-2\u0022\u003EAddress\u003C\/div\u003E\n                  \u003Cdiv class=\u0022item-3\u0022\u003EPhone\u003C\/div\u003E\n                  \u003Cdiv class=\u0022item-4\u0022\u003EFax\u003C\/div\u003E\n                  \u003Cdiv class=\u0022item-5\u0022\u003EEmail\u003C\/div\u003E\n              \u003C\/div\u003E\n          \u003Cdiv class=\u0022row values\u0022\u003E\n                  \u003Cdiv class=\u0022item-0\u0022\u003EClub Centro de Vuelo Pegalajar\u003C\/div\u003E\n                  \u003Cdiv class=\u0022item-1\u0022\u003EAntonio Lope Morales Gonzalez\u003C\/div\u003E\n                  \u003Cdiv class=\u0022item-2\u0022\u003E\u003C\/div\u003E\n                  \u003Cdiv class=\u0022item-3\u0022\u003E+34678721076__\u003C\/div\u003E\n                  \u003Cdiv class=\u0022item-4\u0022\u003E\u003C\/div\u003E\n                  \u003Cdiv class=\u0022item-5\u0022\u003E\u003Ca href=\u0022mailto:moralesgonzalezantoniolope@gmail.com\u0022\u003Emoralesgonzalezantoniolope@gmail.com\u003C\/a\u003E\u003C\/div\u003E\n              \u003C\/div\u003E\n      \u003C\/div\u003E\n  \u003Cdiv data-id-content=\u0022fai-member-of-the-organising-country\u0022\u003E\n          \u003Cdiv class=\u0022row columns\u0022\u003E\n                  \u003Cdiv class=\u0022item-0\u0022\u003EName\u003C\/div\u003E\n                  \u003Cdiv class=\u0022item-1\u0022\u003EAddress\u003C\/div\u003E\n                  \u003Cdiv class=\u0022item-2\u0022\u003EPhone\u003C\/div\u003E\n                  \u003Cdiv class=\u0022item-3\u0022\u003EFax\u003C\/div\u003E\n                  \u003Cdiv class=\u0022item-4\u0022\u003EEmail\u003C\/div\u003E\n                  \u003Cdiv class=\u0022item-5\u0022\u003EWebsite\u003C\/div\u003E\n              \u003C\/div\u003E\n          \u003Cdiv class=\u0022row values\u0022\u003E\n                  \u003Cdiv class=\u0022item-0\u0022\u003EREAL FEDERACI\u00d3N AERON\u00c1UTICA ESPA\u00d1OLA\u003C\/div\u003E\n                  \u003Cdiv class=\u0022item-1\u0022\u003ECarretera del Barrio de la Fortuna, 14\u003Cbr \/\u003E28054\u003C\/div\u003E\n                  \u003Cdiv class=\u0022item-2\u0022\u003E+ 34 91 508 29 50 \/ +34 91 508 54 80\u003C\/div\u003E\n                  \u003Cdiv class=\u0022item-3\u0022\u003E+ 34 91 511 03 10\u003C\/div\u003E\n                  \u003Cdiv class=\u0022item-4\u0022\u003E\u003Ca href=\u0022mailto:fae@rfae.es\u0022\u003Efae@rfae.es\u003C\/a\u003E\u003Cbr \/\u003E\u003Ca href=\u0022mailto:presidente@rfae.es\u0022\u003Epresidente@rfae.es\u003C\/a\u003E\u003C\/div\u003E\n                  \u003Cdiv class=\u0022item-5\u0022\u003E\u003Ca href=\u0022http:\/\/www.rfae.es\/\u0022 target=\u0022_blank\u0022\u003Ehttp:\/\/www.rfae.es\/\u003C\/a\u003E\u003C\/div\u003E\n              \u003C\/div\u003E\n      \u003C\/div\u003E\n\u003C\/div\u003E\n\n    \u003C\/div\u003E\n\u003Cdiv class=\u0022panel-pane pane-go-to-event-button\u0022\u003E\n            \u003Cdiv class=\u0022pane-go-to-event-button\u0022\u003E\u003Cdiv class=\u0022external-link\u0022\u003E\u003Ca href=\u0022https:\/\/civlcomps.org\/event\/liga-nacional-pegalajar-2025\u0022 target=\u0022_blank\u0022\u003E\u003C\/a\u003E\u003C\/div\u003E\n\u003C\/div\u003E\n    \u003C\/div\u003E\n      \u003C\/div\u003E\n\u003C\/div\u003E\n    \u003C\/div\u003E\n      \u003C\/div\u003E\n\u003C\/div\u003E\n"},{"location":"lat: 37.740624, lng: -3.6458491","title":"15th 15th Paragliding World Cup Superfinal 2025 Spain, Pegalajar","content":"\u003Ch2\u003E15th 15th Paragliding World Cup Superfinal 2025 Spain, Pegalajar\u003C\/h2\u003E\n\u003Cdiv class=\u0022panelizer-view-mode node node-map node-event node-203645\u0022\u003E\n          \u003Cdiv  class=\u0022penceo-one-column-simple\u0022\u003E\n            \u003Cdiv class=\u0022panel-pane pane-entity-field pane-node-title-field\u0022\u003E\n            \u003Cdiv class=\u0022field field--name-title-field field--type-text field--label-hidden\u0022\u003E\u003Cdiv class=\u0022field__items\u0022\u003E\u003Cdiv class=\u0022field__item even\u0022\u003E\u003Ch3\u003E15th 15th Paragliding World Cup Superfinal 2025 Spain, Pegalajar\u003C\/h3\u003E\n\u003C\/div\u003E\u003C\/div\u003E\u003C\/div\u003E    \u003C\/div\u003E\n\u003Cdiv class=\u0022panel-pane pane-entity-view pane-node\u0022\u003E\n            \u003Cdiv class=\u0022panelizer-view-mode node node-list-details node-event node-203645\u0022\u003E\n          \u003Cdiv  class=\u0022penceo-one-column-simple\u0022\u003E\n            \u003Cdiv class=\u0022panel-pane pane-list-row-controller\u0022\u003E\n            \u003Cul class=\u0022tabs navigation\u0022\u003E\u003Cli class=\u0022information nav active\u0022 data-id=\u0022information\u0022\u003EInformation\u003C\/li\u003E\n\u003Cli class=\u0022event-organiser nav\u0022 data-id=\u0022event-organiser\u0022\u003EEvent organiser\u003C\/li\u003E\n\u003Cli class=\u0022fai-member-of-the-organising-country nav\u0022 data-id=\u0022fai-member-of-the-organising-country\u0022\u003EFAI Member of the Organising Country\u003C\/li\u003E\n\u003C\/ul\u003E\u003Cdiv class=\u0022switchable-contents\u0022\u003E\n  \u003Cdiv data-id-content=\u0022information\u0022 class=\u0022group-content\u0022\u003E\n          \u003Cdiv class=\u0022row columns\u0022\u003E\n                  \u003Cdiv class=\u0022item-0\u0022\u003EEvent ID\u003C\/div\u003E\n                  \u003Cdiv class=\u0022item-1\u0022\u003EEvent classification\u003C\/div\u003E\n                  \u003Cdiv class=\u0022item-2\u0022\u003EType of event\u003C\/div\u003E\n                  \u003Cdiv class=\u0022item-3\u0022\u003ESport\u003C\/div\u003E\n                  \u003Cdiv class=\u0022item-4\u0022\u003EDisciplines \/ Task Styles\u003C\/div\u003E\n                  \u003Cdiv class=\u0022item-5\u0022\u003EPlace\u003C\/div\u003E\n                  \u003Cdiv class=\u0022item-6\u0022\u003EDate(s)\u003C\/div\u003E\n                  \u003Cdiv class=\u0022item-7\u0022\u003EDocuments\/Links\u003C\/div\u003E\n              \u003C\/div\u003E\n          \u003Cdiv class=\u0022row values\u0022\u003E\n                  \u003Cdiv class=\u0022item-0\u0022\u003E17754\u003C\/div\u003E\n                  \u003Cdiv class=\u0022item-1\u0022\u003EOther upcoming FAI-Sanctioned events (CAT.2)\u003C\/div\u003E\n                  \u003Cdiv class=\u0022item-2\u0022\u003ESecond Category Event\u003C\/div\u003E\n                  \u003Cdiv class=\u0022item-3\u0022\u003EParagliding\u003C\/div\u003E\n                  \u003Cdiv class=\u0022item-4\u0022\u003E\u003Cdiv class=\u0022field field--name-field-discipline-task-list-map field--type-entityreference field--label-hidden\u0022\u003E\u003Cdiv class=\u0022field__items\u0022\u003E\u003Cdiv class=\u0022field__item even\u0022\u003Eclass 3 - Cross Country\u003C\/div\u003E\u003C\/div\u003E\u003C\/div\u003E\u003C\/div\u003E\n                  \u003Cdiv class=\u0022item-5\u0022\u003EPegalajar, ESP\u003C\/div\u003E\n                  \u003Cdiv class=\u0022item-6\u0022\u003E\u003Cdiv class=\u0022date-display-range\u0022\u003E\u003Cdiv class=\u0022date-start\u0022\u003E\u003Cspan class=\u0027day\u0027\u003E12\u003C\/span\u003E \u003Cspan class=\u0027month\u0027\u003EMay\u003C\/span\u003E\u003C\/div\u003E\u003Cspan class=\u0022date-display-to\u0022\u003E - \u003C\/span\u003E\u003Cdiv class=\u0022date-end\u0022\u003E\u003Cspan class=\u0027day\u0027\u003E23\u003C\/span\u003E \u003Cspan class=\u0027month\u0027\u003EMay\u003C\/span\u003E \u003Cspan class=\u0027year\u0027\u003E2026\u003C\/span\u003E\u003C\/div\u003E\u003C\/div\u003E\u003C\/div\u003E\n                  \u003Cdiv class=\u0022item-7\u0022\u003E\u003Cdiv class=\u0022pane-go-to-event-button text\u0022\u003E\u003Cdiv class=\u0022external-link-text\u0022\u003E\u003Ca href=\u0022https:\/\/pwca.events\/15th-paragliding-world-cup-superfinal-2025-spain-pegalajar\/\u0022 target=\u0022_blank\u0022\u003EOrganiser website\u003C\/a\u003E\u003C\/div\u003E\n\u003C\/div\u003E\n\u003C\/div\u003E\n              \u003C\/div\u003E\n      \u003C\/div\u003E\n  \u003Cdiv data-id-content=\u0022event-organiser\u0022\u003E\n          \u003Cdiv class=\u0022row columns\u0022\u003E\n                  \u003Cdiv class=\u0022item-0\u0022\u003EEvent organiser\u003C\/div\u003E\n                  \u003Cdiv class=\u0022item-1\u0022\u003EContact person\u003C\/div\u003E\n                  \u003Cdiv class=\u0022item-2\u0022\u003EAddress\u003C\/div\u003E\n                  \u003Cdiv class=\u0022item-3\u0022\u003EPhone\u003C\/div\u003E\n                  \u003Cdiv class=\u0022item-4\u0022\u003EFax\u003C\/div\u003E\n                  \u003Cdiv class=\u0022item-5\u0022\u003EEmail\u003C\/div\u003E\n              \u003C\/div\u003E\n          \u003Cdiv class=\u0022row values\u0022\u003E\n                  \u003Cdiv class=\u0022item-0\u0022\u003EPWCA\u003C\/div\u003E\n                  \u003Cdiv class=\u0022item-1\u0022\u003EAntonio Lope Morales Gonzalez\u003C\/div\u003E\n                  \u003Cdiv class=\u0022item-2\u0022\u003E\u003C\/div\u003E\n                  \u003Cdiv class=\u0022item-3\u0022\u003E+34678721076__\u003C\/div\u003E\n                  \u003Cdiv class=\u0022item-4\u0022\u003E\u003C\/div\u003E\n                  \u003Cdiv class=\u0022item-5\u0022\u003E\u003Ca href=\u0022mailto:moralesgonzalezantoniolope@gmail.com\u0022\u003Emoralesgonzalezantoniolope@gmail.com\u003C\/a\u003E\u003C\/div\u003E\n              \u003C\/div\u003E\n      \u003C\/div\u003E\n  \u003Cdiv data-id-content=\u0022fai-member-of-the-organising-country\u0022\u003E\n          \u003Cdiv class=\u0022row columns\u0022\u003E\n                  \u003Cdiv class=\u0022item-0\u0022\u003EName\u003C\/div\u003E\n                  \u003Cdiv class=\u0022item-1\u0022\u003EAddress\u003C\/div\u003E\n                  \u003Cdiv class=\u0022item-2\u0022\u003EPhone\u003C\/div\u003E\n                  \u003Cdiv class=\u0022item-3\u0022\u003EFax\u003C\/div\u003E\n                  \u003Cdiv class=\u0022item-4\u0022\u003EEmail\u003C\/div\u003E\n                  \u003Cdiv class=\u0022item-5\u0022\u003EWebsite\u003C\/div\u003E\n              \u003C\/div\u003E\n          \u003Cdiv class=\u0022row values\u0022\u003E\n                  \u003Cdiv class=\u0022item-0\u0022\u003EREAL FEDERACI\u00d3N AERON\u00c1UTICA ESPA\u00d1OLA\u003C\/div\u003E\n                  \u003Cdiv class=\u0022item-1\u0022\u003ECarretera del Barrio de la Fortuna, 14\u003Cbr \/\u003E28054\u003C\/div\u003E\n                  \u003Cdiv class=\u0022item-2\u0022\u003E+ 34 91 508 29 50 \/ +34 91 508 54 80\u003C\/div\u003E\n                  \u003Cdiv class=\u0022item-3\u0022\u003E+ 34 91 511 03 10\u003C\/div\u003E\n                  \u003Cdiv class=\u0022item-4\u0022\u003E\u003Ca href=\u0022mailto:fae@rfae.es\u0022\u003Efae@rfae.es\u003C\/a\u003E\u003Cbr \/\u003E\u003Ca href=\u0022mailto:presidente@rfae.es\u0022\u003Epresidente@rfae.es\u003C\/a\u003E\u003C\/div\u003E\n                  \u003Cdiv class=\u0022item-5\u0022\u003E\u003Ca href=\u0022http:\/\/www.rfae.es\/\u0022 target=\u0022_blank\u0022\u003Ehttp:\/\/www.rfae.es\/\u003C\/a\u003E\u003C\/div\u003E\n              \u003C\/div\u003E\n      \u003C\/div\u003E\n\u003C\/div\u003E\n\n    \u003C\/div\u003E\n\u003Cdiv class=\u0022panel-pane pane-go-to-event-button\u0022\u003E\n            \u003Cdiv class=\u0022pane-go-to-event-button\u0022\u003E\u003Cdiv class=\u0022external-link\u0022\u003E\u003Ca href=\u0022https:\/\/pwca.events\/15th-paragliding-world-cup-superfinal-2025-spain-pegalajar\/\u0022 target=\u0022_blank\u0022\u003E\u003C\/a\u003E\u003C\/div\u003E\n\u003C\/div\u003E\n    \u003C\/div\u003E\n      \u003C\/div\u003E\n\u003C\/div\u003E\n    \u003C\/div\u003E\n      \u003C\/div\u003E\n\u003C\/div\u003E\n"},{"location":"lat: 46.9571926, lng: 8.3659672","title":"2026 Stans Open - Swiss and German Championships 2026","content":"\u003Ch2\u003E2026 Stans Open - Swiss and German Championships 2026\u003C\/h2\u003E\n\u003Cdiv class=\u0022panelizer-view-mode node node-map node-event node-204563\u0022\u003E\n          \u003Cdiv  class=\u0022penceo-one-column-simple\u0022\u003E\n            \u003Cdiv class=\u0022panel-pane pane-entity-field pane-node-title-field\u0022\u003E\n            \u003Cdiv class=\u0022field field--name-title-field field--type-text field--label-hidden\u0022\u003E\u003Cdiv class=\u0022field__items\u0022\u003E\u003Cdiv class=\u0022field__item even\u0022\u003E\u003Ch3\u003E2026 Stans Open - Swiss and German Championships 2026\u003C\/h3\u003E\n\u003C\/div\u003E\u003C\/div\u003E\u003C\/div\u003E    \u003C\/div\u003E\n\u003Cdiv class=\u0022panel-pane pane-entity-view pane-node\u0022\u003E\n            \u003Cdiv class=\u0022panelizer-view-mode node node-list-details node-event node-204563\u0022\u003E\n          \u003Cdiv  class=\u0022penceo-one-column-simple\u0022\u003E\n            \u003Cdiv class=\u0022panel-pane pane-list-row-controller\u0022\u003E\n            \u003Cul class=\u0022tabs navigation\u0022\u003E\u003Cli class=\u0022information nav active\u0022 data-id=\u0022information\u0022\u003EInformation\u003C\/li\u003E\n\u003Cli class=\u0022event-organiser nav\u0022 data-id=\u0022event-organiser\u0022\u003EEvent organiser\u003C\/li\u003E\n\u003Cli class=\u0022fai-member-of-the-organising-country nav\u0022 data-id=\u0022fai-member-of-the-organising-country\u0022\u003EFAI Member of the Organising Country\u003C\/li\u003E\n\u003C\/ul\u003E\u003Cdiv class=\u0022switchable-contents\u0022\u003E\n  \u003Cdiv data-id-content=\u0022information\u0022 class=\u0022group-content\u0022\u003E\n          \u003Cdiv class=\u0022row columns\u0022\u003E\n                  \u003Cdiv class=\u0022item-0\u0022\u003EEvent ID\u003C\/div\u003E\n                  \u003Cdiv class=\u0022item-1\u0022\u003EEvent classification\u003C\/div\u003E\n                  \u003Cdiv class=\u0022item-2\u0022\u003EType of event\u003C\/div\u003E\n                  \u003Cdiv class=\u0022item-3\u0022\u003ESport\u003C\/div\u003E\n                  \u003Cdiv class=\u0022item-4\u0022\u003EDisciplines \/ Task Styles\u003C\/div\u003E\n                  \u003Cdiv class=\u0022item-5\u0022\u003EPlace\u003C\/div\u003E\n                  \u003Cdiv class=\u0022item-6\u0022\u003EDate(s)\u003C\/div\u003E\n                  \u003Cdiv class=\u0022item-7\u0022\u003EDocuments\/Links\u003C\/div\u003E\n              \u003C\/div\u003E\n          \u003Cdiv class=\u0022row values\u0022\u003E\n                  \u003Cdiv class=\u0022item-0\u0022\u003E18007\u003C\/div\u003E\n                  \u003Cdiv class=\u0022item-1\u0022\u003EOther upcoming FAI-Sanctioned events (CAT.2)\u003C\/div\u003E\n                  \u003Cdiv class=\u0022item-2\u0022\u003ESecond Category Event\u003C\/div\u003E\n                  \u003Cdiv class=\u0022item-3\u0022\u003EHang Gliding\u003C\/div\u003E\n                  \u003Cdiv class=\u0022item-4\u0022\u003E\u003Cdiv class=\u0022field field--name-field-discipline-task-list-map field--type-entityreference field--label-hidden\u0022\u003E\u003Cdiv class=\u0022field__items\u0022\u003E\u003Cdiv class=\u0022field__item even\u0022\u003Eclass 1 - Cross country\u003C\/div\u003E\u003Cdiv class=\u0022field__item odd\u0022\u003Eclass 5 - Cross country\u003C\/div\u003E\u003C\/div\u003E\u003C\/div\u003E\u003C\/div\u003E\n                  \u003Cdiv class=\u0022item-5\u0022\u003EStans, SUI\u003C\/div\u003E\n                  \u003Cdiv class=\u0022item-6\u0022\u003E\u003Cdiv class=\u0022date-display-range\u0022\u003E\u003Cdiv class=\u0022date-start\u0022\u003E\u003Cspan class=\u0027day\u0027\u003E22\u003C\/span\u003E \u003Cspan class=\u0027month\u0027\u003EMay\u003C\/span\u003E\u003C\/div\u003E\u003Cspan class=\u0022date-display-to\u0022\u003E - \u003C\/span\u003E\u003Cdiv class=\u0022date-end\u0022\u003E\u003Cspan class=\u0027day\u0027\u003E25\u003C\/span\u003E \u003Cspan class=\u0027month\u0027\u003EMay\u003C\/span\u003E \u003Cspan class=\u0027year\u0027\u003E2026\u003C\/span\u003E\u003C\/div\u003E\u003C\/div\u003E\u003C\/div\u003E\n                  \u003Cdiv class=\u0022item-7\u0022\u003E\u003Cdiv class=\u0022pane-go-to-event-button text\u0022\u003E\u003Cdiv class=\u0022external-link-text\u0022\u003E\u003Ca href=\u0022https:\/\/www.swissleague.ch\/delta-league\/competitions\/aca4571d-5993-4d42-8fef-b35e488fc81f\/lgQqfcJjX8lhsQPt19knJ\u0022 target=\u0022_blank\u0022\u003EOrganiser website\u003C\/a\u003E\u003C\/div\u003E\n\u003C\/div\u003E\n\u003C\/div\u003E\n              \u003C\/div\u003E\n      \u003C\/div\u003E\n  \u003Cdiv data-id-content=\u0022event-organiser\u0022\u003E\n          \u003Cdiv class=\u0022row columns\u0022\u003E\n                  \u003Cdiv class=\u0022item-0\u0022\u003EEvent organiser\u003C\/div\u003E\n                  \u003Cdiv class=\u0022item-1\u0022\u003EContact person\u003C\/div\u003E\n                  \u003Cdiv class=\u0022item-2\u0022\u003EAddress\u003C\/div\u003E\n                  \u003Cdiv class=\u0022item-3\u0022\u003EPhone\u003C\/div\u003E\n                  \u003Cdiv class=\u0022item-4\u0022\u003EFax\u003C\/div\u003E\n                  \u003Cdiv class=\u0022item-5\u0022\u003EEmail\u003C\/div\u003E\n              \u003C\/div\u003E\n          \u003Cdiv class=\u0022row values\u0022\u003E\n                  \u003Cdiv class=\u0022item-0\u0022\u003ESchweizerischer H\u00e4ngegleiter-Verband\u003C\/div\u003E\n                  \u003Cdiv class=\u0022item-1\u0022\u003EDaniel Graf\u003C\/div\u003E\n                  \u003Cdiv class=\u0022item-2\u0022\u003ESeefeldstrasse 224\u003Cbr \/\u003E8008 Zurich\u003C\/div\u003E\n                  \u003Cdiv class=\u0022item-3\u0022\u003E+41792099519__\u003C\/div\u003E\n                  \u003Cdiv class=\u0022item-4\u0022\u003E\u003C\/div\u003E\n                  \u003Cdiv class=\u0022item-5\u0022\u003E\u003Ca href=\u0022mailto:daniel.graf@shv-fsvl.ch\u0022\u003Edaniel.graf@shv-fsvl.ch\u003C\/a\u003E\u003Cbr \/\u003E\u003Ca href=\u0022mailto:daniel.graf@shv-fsvl.ch\u0022\u003Edaniel.graf@shv-fsvl.ch\u003C\/a\u003E\u003C\/div\u003E\n              \u003C\/div\u003E\n      \u003C\/div\u003E\n  \u003Cdiv data-id-content=\u0022fai-member-of-the-organising-country\u0022\u003E\n          \u003Cdiv class=\u0022row columns\u0022\u003E\n                  \u003Cdiv class=\u0022item-0\u0022\u003EName\u003C\/div\u003E\n                  \u003Cdiv class=\u0022item-1\u0022\u003EAddress\u003C\/div\u003E\n                  \u003Cdiv class=\u0022item-2\u0022\u003EPhone\u003C\/div\u003E\n                  \u003Cdiv class=\u0022item-3\u0022\u003EFax\u003C\/div\u003E\n                  \u003Cdiv class=\u0022item-4\u0022\u003EEmail\u003C\/div\u003E\n                  \u003Cdiv class=\u0022item-5\u0022\u003EWebsite\u003C\/div\u003E\n              \u003C\/div\u003E\n          \u003Cdiv class=\u0022row values\u0022\u003E\n                  \u003Cdiv class=\u0022item-0\u0022\u003EAERO-CLUB DER SCHWEIZ\u003C\/div\u003E\n                  \u003Cdiv class=\u0022item-1\u0022\u003EMaihofstrasse 76\u003Cbr \/\u003E6006\u003C\/div\u003E\n                  \u003Cdiv class=\u0022item-2\u0022\u003E+41 (41) 375 01 01\u003C\/div\u003E\n                  \u003Cdiv class=\u0022item-3\u0022\u003E+41 (41) 375 01 02\u003C\/div\u003E\n                  \u003Cdiv class=\u0022item-4\u0022\u003E\u003Ca href=\u0022mailto:markoff@aeroclub.ch\u0022\u003Emarkoff@aeroclub.ch\u003C\/a\u003E\u003Cbr \/\u003E\u003Ca href=\u0022mailto:info@aeroclub.ch\u0022\u003Einfo@aeroclub.ch\u003C\/a\u003E\u003C\/div\u003E\n                  \u003Cdiv class=\u0022item-5\u0022\u003E\u003Ca href=\u0022http:\/\/www.aeroclub.ch\u0022 target=\u0022_blank\u0022\u003Ehttp:\/\/www.aeroclub.ch\u003C\/a\u003E\u003C\/div\u003E\n              \u003C\/div\u003E\n      \u003C\/div\u003E\n\u003C\/div\u003E\n\n    \u003C\/div\u003E\n\u003Cdiv class=\u0022panel-pane pane-go-to-event-button\u0022\u003E\n            \u003Cdiv class=\u0022pane-go-to-event-button\u0022\u003E\u003Cdiv class=\u0022external-link\u0022\u003E\u003Ca href=\u0022https:\/\/www.swissleague.ch\/delta-league\/competitions\/aca4571d-5993-4d42-8fef-b35e488fc81f\/lgQqfcJjX8lhsQPt19knJ\u0022 target=\u0022_blank\u0022\u003E\u003C\/a\u003E\u003C\/div\u003E\n\u003C\/div\u003E\n    \u003C\/div\u003E\n      \u003C\/div\u003E\n\u003C\/div\u003E\n    \u003C\/div\u003E\n      \u003C\/div\u003E\n\u003C\/div\u003E\n"},{"location":"lat: 46.1656425, lng: 15.9208779","title":"PGA Croatian National Championship - Nubigena Open  \u02d926","content":"\u003Ch2\u003EPGA Croatian National Championship - Nubigena Open  \u02d926\u003C\/h2\u003E\n\u003Cdiv class=\u0022panelizer-view-mode node node-map node-event node-207076\u0022\u003E\n          \u003Cdiv  class=\u0022penceo-one-column-simple\u0022\u003E\n            \u003Cdiv class=\u0022panel-pane pane-entity-field pane-node-title-field\u0022\u003E\n            \u003Cdiv class=\u0022field field--name-title-field field--type-text field--label-hidden\u0022\u003E\u003Cdiv class=\u0022field__items\u0022\u003E\u003Cdiv class=\u0022field__item even\u0022\u003E\u003Ch3\u003EPGA Croatian National Championship - Nubigena Open  \u02d926\u003C\/h3\u003E\n\u003C\/div\u003E\u003C\/div\u003E\u003C\/div\u003E    \u003C\/div\u003E\n\u003Cdiv class=\u0022panel-pane pane-entity-view pane-node\u0022\u003E\n            \u003Cdiv class=\u0022panelizer-view-mode node node-list-details node-event node-207076\u0022\u003E\n          \u003Cdiv  class=\u0022penceo-one-column-simple\u0022\u003E\n            \u003Cdiv class=\u0022panel-pane pane-list-row-controller\u0022\u003E\n            \u003Cul class=\u0022tabs navigation\u0022\u003E\u003Cli class=\u0022information nav active\u0022 data-id=\u0022information\u0022\u003EInformation\u003C\/li\u003E\n\u003Cli class=\u0022event-organiser nav\u0022 data-id=\u0022event-organiser\u0022\u003EEvent organiser\u003C\/li\u003E\n\u003Cli class=\u0022fai-member-of-the-organising-country nav\u0022 data-id=\u0022fai-member-of-the-organising-country\u0022\u003EFAI Member of the Organising Country\u003C\/li\u003E\n\u003C\/ul\u003E\u003Cdiv class=\u0022switchable-contents\u0022\u003E\n  \u003Cdiv data-id-content=\u0022information\u0022 class=\u0022group-content\u0022\u003E\n          \u003Cdiv class=\u0022row columns\u0022\u003E\n                  \u003Cdiv class=\u0022item-0\u0022\u003EEvent ID\u003C\/div\u003E\n                  \u003Cdiv class=\u0022item-1\u0022\u003EEvent classification\u003C\/div\u003E\n                  \u003Cdiv class=\u0022item-2\u0022\u003EType of event\u003C\/div\u003E\n                  \u003Cdiv class=\u0022item-3\u0022\u003ESport\u003C\/div\u003E\n                  \u003Cdiv class=\u0022item-4\u0022\u003EDisciplines \/ Task Styles\u003C\/div\u003E\n                  \u003Cdiv class=\u0022item-5\u0022\u003EPlace\u003C\/div\u003E\n                  \u003Cdiv class=\u0022item-6\u0022\u003EDate(s)\u003C\/div\u003E\n                  \u003Cdiv class=\u0022item-7\u0022\u003EDocuments\/Links\u003C\/div\u003E\n              \u003C\/div\u003E\n          \u003Cdiv class=\u0022row values\u0022\u003E\n                  \u003Cdiv class=\u0022item-0\u0022\u003E18445\u003C\/div\u003E\n                  \u003Cdiv class=\u0022item-1\u0022\u003EOther upcoming FAI-Sanctioned events (CAT.2)\u003C\/div\u003E\n                  \u003Cdiv class=\u0022item-2\u0022\u003ESecond Category Event\u003C\/div\u003E\n                  \u003Cdiv class=\u0022item-3\u0022\u003EParagliding\u003C\/div\u003E\n                  \u003Cdiv class=\u0022item-4\u0022\u003E\u003Cdiv class=\u0022field field--name-field-discipline-task-list-map field--type-entityreference field--label-hidden\u0022\u003E\u003Cdiv class=\u0022field__items\u0022\u003E\u003Cdiv class=\u0022field__item even\u0022\u003Eclass 3 - Paragliding Accuracy\u003C\/div\u003E\u003C\/div\u003E\u003C\/div\u003E\u003C\/div\u003E\n                  \u003Cdiv class=\u0022item-5\u0022\u003ERadoboj, CRO\u003C\/div\u003E\n                  \u003Cdiv class=\u0022item-6\u0022\u003E\u003Cdiv class=\u0022date-display-range\u0022\u003E\u003Cdiv class=\u0022date-start\u0022\u003E\u003Cspan class=\u0027day\u0027\u003E30\u003C\/span\u003E \u003Cspan class=\u0027month\u0027\u003EMay\u003C\/span\u003E\u003C\/div\u003E\u003Cspan class=\u0022date-display-to\u0022\u003E - \u003C\/span\u003E\u003Cdiv class=\u0022date-end\u0022\u003E\u003Cspan class=\u0027day\u0027\u003E31\u003C\/span\u003E \u003Cspan class=\u0027month\u0027\u003EMay\u003C\/span\u003E \u003Cspan class=\u0027year\u0027\u003E2026\u003C\/span\u003E\u003C\/div\u003E\u003C\/div\u003EAlternate date(s):\u003Cdiv class=\u0022date-display-range\u0022\u003E\u003Cdiv class=\u0022date-start\u0022\u003E\u003Cspan class=\u0027day\u0027\u003E06\u003C\/span\u003E \u003Cspan class=\u0027month\u0027\u003EJun\u003C\/span\u003E\u003C\/div\u003E\u003Cspan class=\u0022date-display-to\u0022\u003E - \u003C\/span\u003E\u003Cdiv class=\u0022date-end\u0022\u003E\u003Cspan class=\u0027day\u0027\u003E07\u003C\/span\u003E \u003Cspan class=\u0027month\u0027\u003EJun\u003C\/span\u003E \u003Cspan class=\u0027year\u0027\u003E2026\u003C\/span\u003E\u003C\/div\u003E\u003C\/div\u003E\u003C\/div\u003E\n                  \u003Cdiv class=\u0022item-7\u0022\u003E\u003Cdiv class=\u0022pane-go-to-event-button text\u0022\u003E\u003Cdiv class=\u0022external-link-text\u0022\u003E\u003Ca href=\u0022https:\/\/civlcomps.org\/event\/nubigena-open-26\u0022 target=\u0022_blank\u0022\u003EOrganiser website\u003C\/a\u003E\u003C\/div\u003E\n\u003C\/div\u003E\n\u003C\/div\u003E\n              \u003C\/div\u003E\n      \u003C\/div\u003E\n  \u003Cdiv data-id-content=\u0022event-organiser\u0022\u003E\n          \u003Cdiv class=\u0022row columns\u0022\u003E\n                  \u003Cdiv class=\u0022item-0\u0022\u003EEvent organiser\u003C\/div\u003E\n                  \u003Cdiv class=\u0022item-1\u0022\u003EContact person\u003C\/div\u003E\n                  \u003Cdiv class=\u0022item-2\u0022\u003EAddress\u003C\/div\u003E\n                  \u003Cdiv class=\u0022item-3\u0022\u003EPhone\u003C\/div\u003E\n                  \u003Cdiv class=\u0022item-4\u0022\u003EFax\u003C\/div\u003E\n                  \u003Cdiv class=\u0022item-5\u0022\u003EEmail\u003C\/div\u003E\n              \u003C\/div\u003E\n          \u003Cdiv class=\u0022row values\u0022\u003E\n                  \u003Cdiv class=\u0022item-0\u0022\u003E\u003C\/div\u003E\n                  \u003Cdiv class=\u0022item-1\u0022\u003E\u003C\/div\u003E\n                  \u003Cdiv class=\u0022item-2\u0022\u003E\u003C\/div\u003E\n                  \u003Cdiv class=\u0022item-3\u0022\u003E\u003C\/div\u003E\n                  \u003Cdiv class=\u0022item-4\u0022\u003E\u003C\/div\u003E\n                  \u003Cdiv class=\u0022item-5\u0022\u003E\u003C\/div\u003E\n              \u003C\/div\u003E\n      \u003C\/div\u003E\n  \u003Cdiv data-id-content=\u0022fai-member-of-the-organising-country\u0022\u003E\n          \u003Cdiv class=\u0022row columns\u0022\u003E\n                  \u003Cdiv class=\u0022item-0\u0022\u003EName\u003C\/div\u003E\n                  \u003Cdiv class=\u0022item-1\u0022\u003EAddress\u003C\/div\u003E\n                  \u003Cdiv class=\u0022item-2\u0022\u003EPhone\u003C\/div\u003E\n                  \u003Cdiv class=\u0022item-3\u0022\u003EFax\u003C\/div\u003E\n                  \u003Cdiv class=\u0022item-4\u0022\u003EEmail\u003C\/div\u003E\n                  \u003Cdiv class=\u0022item-5\u0022\u003EWebsite\u003C\/div\u003E\n              \u003C\/div\u003E\n          \u003Cdiv class=\u0022row values\u0022\u003E\n                  \u003Cdiv class=\u0022item-0\u0022\u003E\u003C\/div\u003E\n                  \u003Cdiv class=\u0022item-1\u0022\u003E\u003C\/div\u003E\n                  \u003Cdiv class=\u0022item-2\u0022\u003E\u003C\/div\u003E\n                  \u003Cdiv class=\u0022item-3\u0022\u003E\u003C\/div\u003E\n                  \u003Cdiv class=\u0022item-4\u0022\u003E\u003C\/div\u003E\n                  \u003Cdiv class=\u0022item-5\u0022\u003E\u003Ca href=\u0022\/\u0022 target=\u0022_blank\u0022\u003E\u003C\/a\u003E\u003C\/div\u003E\n              \u003C\/div\u003E\n      \u003C\/div\u003E\n\u003C\/div\u003E\n\n    \u003C\/div\u003E\n\u003Cdiv class=\u0022panel-pane pane-go-to-event-button\u0022\u003E\n            \u003Cdiv class=\u0022pane-go-to-event-button\u0022\u003E\u003Cdiv class=\u0022external-link\u0022\u003E\u003Ca href=\u0022https:\/\/civlcomps.org\/event\/nubigena-open-26\u0022 target=\u0022_blank\u0022\u003E\u003C\/a\u003E\u003C\/div\u003E\n\u003C\/div\u003E\n    \u003C\/div\u003E\n      \u003C\/div\u003E\n\u003C\/div\u003E\n    \u003C\/div\u003E\n      \u003C\/div\u003E\n\u003C\/div\u003E\n"},{"location":"lat: 38.2985748, lng: -2.6518794","title":"2026 Liga Nacional Yelmo 2026","content":"\u003Ch2\u003E2026 Liga Nacional Yelmo 2026\u003C\/h2\u003E\n\u003Cdiv class=\u0022panelizer-view-mode node node-map node-event node-204910\u0022\u003E\n          \u003Cdiv  class=\u0022penceo-one-column-simple\u0022\u003E\n            \u003Cdiv class=\u0022panel-pane pane-entity-field pane-node-title-field\u0022\u003E\n            \u003Cdiv class=\u0022field field--name-title-field field--type-text field--label-hidden\u0022\u003E\u003Cdiv class=\u0022field__items\u0022\u003E\u003Cdiv class=\u0022field__item even\u0022\u003E\u003Ch3\u003E2026 Liga Nacional Yelmo 2026\u003C\/h3\u003E\n\u003C\/div\u003E\u003C\/div\u003E\u003C\/div\u003E    \u003C\/div\u003E\n\u003Cdiv class=\u0022panel-pane pane-entity-view pane-node\u0022\u003E\n            \u003Cdiv class=\u0022panelizer-view-mode node node-list-details node-event node-204910\u0022\u003E\n          \u003Cdiv  class=\u0022penceo-one-column-simple\u0022\u003E\n            \u003Cdiv class=\u0022panel-pane pane-list-row-controller\u0022\u003E\n            \u003Cul class=\u0022tabs navigation\u0022\u003E\u003Cli class=\u0022information nav active\u0022 data-id=\u0022information\u0022\u003EInformation\u003C\/li\u003E\n\u003Cli class=\u0022event-organiser nav\u0022 data-id=\u0022event-organiser\u0022\u003EEvent organiser\u003C\/li\u003E\n\u003Cli class=\u0022fai-member-of-the-organising-country nav\u0022 data-id=\u0022fai-member-of-the-organising-country\u0022\u003EFAI Member of the Organising Country\u003C\/li\u003E\n\u003C\/ul\u003E\u003Cdiv class=\u0022switchable-contents\u0022\u003E\n  \u003Cdiv data-id-content=\u0022information\u0022 class=\u0022group-content\u0022\u003E\n          \u003Cdiv class=\u0022row columns\u0022\u003E\n                  \u003Cdiv class=\u0022item-0\u0022\u003EEvent ID\u003C\/div\u003E\n                  \u003Cdiv class=\u0022item-1\u0022\u003EEvent classification\u003C\/div\u003E\n                  \u003Cdiv class=\u0022item-2\u0022\u003EType of event\u003C\/div\u003E\n                  \u003Cdiv class=\u0022item-3\u0022\u003ESport\u003C\/div\u003E\n                  \u003Cdiv class=\u0022item-4\u0022\u003EDisciplines \/ Task Styles\u003C\/div\u003E\n                  \u003Cdiv class=\u0022item-5\u0022\u003EPlace\u003C\/div\u003E\n                  \u003Cdiv class=\u0022item-6\u0022\u003EDate(s)\u003C\/div\u003E\n                  \u003Cdiv class=\u0022item-7\u0022\u003EDocuments\/Links\u003C\/div\u003E\n              \u003C\/div\u003E\n          \u003Cdiv class=\u0022row values\u0022\u003E\n                  \u003Cdiv class=\u0022item-0\u0022\u003E18048\u003C\/div\u003E\n                  \u003Cdiv class=\u0022item-1\u0022\u003EOther upcoming FAI-Sanctioned events (CAT.2)\u003C\/div\u003E\n                  \u003Cdiv class=\u0022item-2\u0022\u003ESecond Category Event\u003C\/div\u003E\n                  \u003Cdiv class=\u0022item-3\u0022\u003EParagliding\u003C\/div\u003E\n                  \u003Cdiv class=\u0022item-4\u0022\u003E\u003Cdiv class=\u0022field field--name-field-discipline-task-list-map field--type-entityreference field--label-hidden\u0022\u003E\u003Cdiv class=\u0022field__items\u0022\u003E\u003Cdiv class=\u0022field__item even\u0022\u003Eclass 3 - Cross Country\u003C\/div\u003E\u003C\/div\u003E\u003C\/div\u003E\u003C\/div\u003E\n                  \u003Cdiv class=\u0022item-5\u0022\u003ESegura de la Sierra, ESP\u003C\/div\u003E\n                  \u003Cdiv class=\u0022item-6\u0022\u003E\u003Cdiv class=\u0022date-display-range\u0022\u003E\u003Cdiv class=\u0022date-start\u0022\u003E\u003Cspan class=\u0027day\u0027\u003E08\u003C\/span\u003E \u003Cspan class=\u0027month\u0027\u003EJun\u003C\/span\u003E\u003C\/div\u003E\u003Cspan class=\u0022date-display-to\u0022\u003E - \u003C\/span\u003E\u003Cdiv class=\u0022date-end\u0022\u003E\u003Cspan class=\u0027day\u0027\u003E12\u003C\/span\u003E \u003Cspan class=\u0027month\u0027\u003EJun\u003C\/span\u003E \u003Cspan class=\u0027year\u0027\u003E2026\u003C\/span\u003E\u003C\/div\u003E\u003C\/div\u003E\u003C\/div\u003E\n                  \u003Cdiv class=\u0022item-7\u0022\u003E\u003Cdiv class=\u0022pane-go-to-event-button text\u0022\u003E\u003Cdiv class=\u0022external-link-text\u0022\u003E\u003Ca href=\u0022https:\/\/civlcomps.org\/event\/liga-nacional-yelmo-2026\u0022 target=\u0022_blank\u0022\u003EOrganiser website\u003C\/a\u003E\u003C\/div\u003E\n\u003C\/div\u003E\n\u003C\/div\u003E\n              \u003C\/div\u003E\n      \u003C\/div\u003E\n  \u003Cdiv data-id-content=\u0022event-organiser\u0022\u003E\n          \u003Cdiv class=\u0022row columns\u0022\u003E\n                  \u003Cdiv class=\u0022item-0\u0022\u003EEvent organiser\u003C\/div\u003E\n                  \u003Cdiv class=\u0022item-1\u0022\u003EContact person\u003C\/div\u003E\n                  \u003Cdiv class=\u0022item-2\u0022\u003EAddress\u003C\/div\u003E\n                  \u003Cdiv class=\u0022item-3\u0022\u003EPhone\u003C\/div\u003E\n                  \u003Cdiv class=\u0022item-4\u0022\u003EFax\u003C\/div\u003E\n                  \u003Cdiv class=\u0022item-5\u0022\u003EEmail\u003C\/div\u003E\n              \u003C\/div\u003E\n          \u003Cdiv class=\u0022row values\u0022\u003E\n                  \u003Cdiv class=\u0022item-0\u0022\u003EClub Parapente El Yelmo\u003C\/div\u003E\n                  \u003Cdiv class=\u0022item-1\u0022\u003EAntonio Lope Morales Gonz\u00e1lez\u003C\/div\u003E\n                  \u003Cdiv class=\u0022item-2\u0022\u003E\u003C\/div\u003E\n                  \u003Cdiv class=\u0022item-3\u0022\u003E+34678721076__\u003C\/div\u003E\n                  \u003Cdiv class=\u0022item-4\u0022\u003E\u003C\/div\u003E\n                  \u003Cdiv class=\u0022item-5\u0022\u003E\u003Ca href=\u0022mailto:moralesgonzalezantoniolope@gmail.com\u0022\u003Emoralesgonzalezantoniolope@gmail.com\u003C\/a\u003E\u003C\/div\u003E\n              \u003C\/div\u003E\n      \u003C\/div\u003E\n  \u003Cdiv data-id-content=\u0022fai-member-of-the-organising-country\u0022\u003E\n          \u003Cdiv class=\u0022row columns\u0022\u003E\n                  \u003Cdiv class=\u0022item-0\u0022\u003EName\u003C\/div\u003E\n                  \u003Cdiv class=\u0022item-1\u0022\u003EAddress\u003C\/div\u003E\n                  \u003Cdiv class=\u0022item-2\u0022\u003EPhone\u003C\/div\u003E\n                  \u003Cdiv class=\u0022item-3\u0022\u003EFax\u003C\/div\u003E\n                  \u003Cdiv class=\u0022item-4\u0022\u003EEmail\u003C\/div\u003E\n                  \u003Cdiv class=\u0022item-5\u0022\u003EWebsite\u003C\/div\u003E\n              \u003C\/div\u003E\n          \u003Cdiv class=\u0022row values\u0022\u003E\n                  \u003Cdiv class=\u0022item-0\u0022\u003EREAL FEDERACI\u00d3N AERON\u00c1UTICA ESPA\u00d1OLA\u003C\/div\u003E\n                  \u003Cdiv class=\u0022item-1\u0022\u003ECarretera del Barrio de la Fortuna, 14\u003Cbr \/\u003E28054\u003C\/div\u003E\n                  \u003Cdiv class=\u0022item-2\u0022\u003E+ 34 91 508 29 50 \/ +34 91 508 54 80\u003C\/div\u003E\n                  \u003Cdiv class=\u0022item-3\u0022\u003E+ 34 91 511 03 10\u003C\/div\u003E\n                  \u003Cdiv class=\u0022item-4\u0022\u003E\u003Ca href=\u0022mailto:fae@rfae.es\u0022\u003Efae@rfae.es\u003C\/a\u003E\u003Cbr \/\u003E\u003Ca href=\u0022mailto:presidente@rfae.es\u0022\u003Epresidente@rfae.es\u003C\/a\u003E\u003C\/div\u003E\n                  \u003Cdiv class=\u0022item-5\u0022\u003E\u003Ca href=\u0022http:\/\/www.rfae.es\/\u0022 target=\u0022_blank\u0022\u003Ehttp:\/\/www.rfae.es\/\u003C\/a\u003E\u003C\/div\u003E\n              \u003C\/div\u003E\n      \u003C\/div\u003E\n\u003C\/div\u003E\n\n    \u003C\/div\u003E\n\u003Cdiv class=\u0022panel-pane pane-go-to-event-button\u0022\u003E\n            \u003Cdiv class=\u0022pane-go-to-event-button\u0022\u003E\u003Cdiv class=\u0022external-link\u0022\u003E\u003Ca href=\u0022https:\/\/civlcomps.org\/event\/liga-nacional-yelmo-2026\u0022 target=\u0022_blank\u0022\u003E\u003C\/a\u003E\u003C\/div\u003E\n\u003C\/div\u003E\n    \u003C\/div\u003E\n      \u003C\/div\u003E\n\u003C\/div\u003E\n    \u003C\/div\u003E\n      \u003C\/div\u003E\n\u003C\/div\u003E\n"},{"location":"lat: 40.5338889, lng: -0.9130556","title":"5th 5th Open International Mudejar 2026","content":"\u003Ch2\u003E5th 5th Open International Mudejar 2026\u003C\/h2\u003E\n\u003Cdiv class=\u0022panelizer-view-mode node node-map node-event node-203886\u0022\u003E\n          \u003Cdiv  class=\u0022penceo-one-column-simple\u0022\u003E\n            \u003Cdiv class=\u0022panel-pane pane-entity-field pane-node-title-field\u0022\u003E\n            \u003Cdiv class=\u0022field field--name-title-field field--type-text field--label-hidden\u0022\u003E\u003Cdiv class=\u0022field__items\u0022\u003E\u003Cdiv class=\u0022field__item even\u0022\u003E\u003Ch3\u003E5th 5th Open International Mudejar 2026\u003C\/h3\u003E\n\u003C\/div\u003E\u003C\/div\u003E\u003C\/div\u003E    \u003C\/div\u003E\n\u003Cdiv class=\u0022panel-pane pane-entity-view pane-node\u0022\u003E\n            \u003Cdiv class=\u0022panelizer-view-mode node node-list-details node-event node-203886\u0022\u003E\n          \u003Cdiv  class=\u0022penceo-one-column-simple\u0022\u003E\n            \u003Cdiv class=\u0022panel-pane pane-list-row-controller\u0022\u003E\n            \u003Cul class=\u0022tabs navigation\u0022\u003E\u003Cli class=\u0022information nav active\u0022 data-id=\u0022information\u0022\u003EInformation\u003C\/li\u003E\n\u003Cli class=\u0022event-organiser nav\u0022 data-id=\u0022event-organiser\u0022\u003EEvent organiser\u003C\/li\u003E\n\u003Cli class=\u0022fai-member-of-the-organising-country nav\u0022 data-id=\u0022fai-member-of-the-organising-country\u0022\u003EFAI Member of the Organising Country\u003C\/li\u003E\n\u003C\/ul\u003E\u003Cdiv class=\u0022switchable-contents\u0022\u003E\n  \u003Cdiv data-id-content=\u0022information\u0022 class=\u0022group-content\u0022\u003E\n          \u003Cdiv class=\u0022row columns\u0022\u003E\n                  \u003Cdiv class=\u0022item-0\u0022\u003EEvent ID\u003C\/div\u003E\n                  \u003Cdiv class=\u0022item-1\u0022\u003EEvent classification\u003C\/div\u003E\n                  \u003Cdiv class=\u0022item-2\u0022\u003EType of event\u003C\/div\u003E\n                  \u003Cdiv class=\u0022item-3\u0022\u003ESport\u003C\/div\u003E\n                  \u003Cdiv class=\u0022item-4\u0022\u003EDisciplines \/ Task Styles\u003C\/div\u003E\n                  \u003Cdiv class=\u0022item-5\u0022\u003EPlace\u003C\/div\u003E\n                  \u003Cdiv class=\u0022item-6\u0022\u003EDate(s)\u003C\/div\u003E\n                  \u003Cdiv class=\u0022item-7\u0022\u003EDocuments\/Links\u003C\/div\u003E\n              \u003C\/div\u003E\n          \u003Cdiv class=\u0022row values\u0022\u003E\n                  \u003Cdiv class=\u0022item-0\u0022\u003E17825\u003C\/div\u003E\n                  \u003Cdiv class=\u0022item-1\u0022\u003EOther upcoming FAI-Sanctioned events (CAT.2)\u003C\/div\u003E\n                  \u003Cdiv class=\u0022item-2\u0022\u003ESecond Category Event\u003C\/div\u003E\n                  \u003Cdiv class=\u0022item-3\u0022\u003EHang Gliding\u003C\/div\u003E\n                  \u003Cdiv class=\u0022item-4\u0022\u003E\u003Cdiv class=\u0022field field--name-field-discipline-task-list-map field--type-entityreference field--label-hidden\u0022\u003E\u003Cdiv class=\u0022field__items\u0022\u003E\u003Cdiv class=\u0022field__item even\u0022\u003Eclass 1 - Cross country\u003C\/div\u003E\u003Cdiv class=\u0022field__item odd\u0022\u003Eclass 5 - Cross country\u003C\/div\u003E\u003Cdiv class=\u0022field__item even\u0022\u003ESport Class - Cross Country\u003C\/div\u003E\u003C\/div\u003E\u003C\/div\u003E\u003C\/div\u003E\n                  \u003Cdiv class=\u0022item-5\u0022\u003ESierra del Pobo, Teruel, ESP\u003C\/div\u003E\n                  \u003Cdiv class=\u0022item-6\u0022\u003E\u003Cdiv class=\u0022date-display-range\u0022\u003E\u003Cdiv class=\u0022date-start\u0022\u003E\u003Cspan class=\u0027day\u0027\u003E25\u003C\/span\u003E \u003Cspan class=\u0027month\u0027\u003EJun\u003C\/span\u003E\u003C\/div\u003E\u003Cspan class=\u0022date-display-to\u0022\u003E - \u003C\/span\u003E\u003Cdiv class=\u0022date-end\u0022\u003E\u003Cspan class=\u0027day\u0027\u003E28\u003C\/span\u003E \u003Cspan class=\u0027month\u0027\u003EJun\u003C\/span\u003E \u003Cspan class=\u0027year\u0027\u003E2026\u003C\/span\u003E\u003C\/div\u003E\u003C\/div\u003E\u003C\/div\u003E\n                  \u003Cdiv class=\u0022item-7\u0022\u003E\u003Cdiv class=\u0022pane-go-to-event-button text\u0022\u003E\u003Cdiv class=\u0022external-link-text\u0022\u003E\u003Ca href=\u0022https:\/\/civlcomps.org\/event\/V-open-mudejar-fai-2-2026\u0022 target=\u0022_blank\u0022\u003EOrganiser website\u003C\/a\u003E\u003C\/div\u003E\n\u003C\/div\u003E\n\u003C\/div\u003E\n              \u003C\/div\u003E\n      \u003C\/div\u003E\n  \u003Cdiv data-id-content=\u0022event-organiser\u0022\u003E\n          \u003Cdiv class=\u0022row columns\u0022\u003E\n                  \u003Cdiv class=\u0022item-0\u0022\u003EEvent organiser\u003C\/div\u003E\n                  \u003Cdiv class=\u0022item-1\u0022\u003EContact person\u003C\/div\u003E\n                  \u003Cdiv class=\u0022item-2\u0022\u003EAddress\u003C\/div\u003E\n                  \u003Cdiv class=\u0022item-3\u0022\u003EPhone\u003C\/div\u003E\n                  \u003Cdiv class=\u0022item-4\u0022\u003EFax\u003C\/div\u003E\n                  \u003Cdiv class=\u0022item-5\u0022\u003EEmail\u003C\/div\u003E\n              \u003C\/div\u003E\n          \u003Cdiv class=\u0022row values\u0022\u003E\n                  \u003Cdiv class=\u0022item-0\u0022\u003EClub de Vuelo Libre Levante Eagles\u003C\/div\u003E\n                  \u003Cdiv class=\u0022item-1\u0022\u003EDavid Garc\u00eda Parra\u003C\/div\u003E\n                  \u003Cdiv class=\u0022item-2\u0022\u003E\u003C\/div\u003E\n                  \u003Cdiv class=\u0022item-3\u0022\u003E+34607819662__\u003C\/div\u003E\n                  \u003Cdiv class=\u0022item-4\u0022\u003E\u003C\/div\u003E\n                  \u003Cdiv class=\u0022item-5\u0022\u003E\u003Ca href=\u0022mailto:levanteagles@gmail.com\u0022\u003Elevanteagles@gmail.com\u003C\/a\u003E\u003Cbr \/\u003E\u003Ca href=\u0022mailto:parrita@gmail.com\u0022\u003Eparrita@gmail.com\u003C\/a\u003E\u003C\/div\u003E\n              \u003C\/div\u003E\n      \u003C\/div\u003E\n  \u003Cdiv data-id-content=\u0022fai-member-of-the-organising-country\u0022\u003E\n          \u003Cdiv class=\u0022row columns\u0022\u003E\n                  \u003Cdiv class=\u0022item-0\u0022\u003EName\u003C\/div\u003E\n                  \u003Cdiv class=\u0022item-1\u0022\u003EAddress\u003C\/div\u003E\n                  \u003Cdiv class=\u0022item-2\u0022\u003EPhone\u003C\/div\u003E\n                  \u003Cdiv class=\u0022item-3\u0022\u003EFax\u003C\/div\u003E\n                  \u003Cdiv class=\u0022item-4\u0022\u003EEmail\u003C\/div\u003E\n                  \u003Cdiv class=\u0022item-5\u0022\u003EWebsite\u003C\/div\u003E\n              \u003C\/div\u003E\n          \u003Cdiv class=\u0022row values\u0022\u003E\n                  \u003Cdiv class=\u0022item-0\u0022\u003EREAL FEDERACI\u00d3N AERON\u00c1UTICA ESPA\u00d1OLA\u003C\/div\u003E\n                  \u003Cdiv class=\u0022item-1\u0022\u003ECarretera del Barrio de la Fortuna, 14\u003Cbr \/\u003E28054\u003C\/div\u003E\n                  \u003Cdiv class=\u0022item-2\u0022\u003E+ 34 91 508 29 50 \/ +34 91 508 54 80\u003C\/div\u003E\n                  \u003Cdiv class=\u0022item-3\u0022\u003E\u003C\/div\u003E\n                  \u003Cdiv class=\u0022item-4\u0022\u003E\u003Ca href=\u0022mailto:fae@rfae.es\u0022\u003Efae@rfae.es\u003C\/a\u003E\u003Cbr \/\u003E\u003Ca href=\u0022mailto:presidente@rfae.es\u0022\u003Epresidente@rfae.es\u003C\/a\u003E\u003C\/div\u003E\n                  \u003Cdiv class=\u0022item-5\u0022\u003E\u003Ca href=\u0022http:\/\/www.rfae.es\/\u0022 target=\u0022_blank\u0022\u003Ehttp:\/\/www.rfae.es\/\u003C\/a\u003E\u003C\/div\u003E\n              \u003C\/div\u003E\n      \u003C\/div\u003E\n\u003C\/div\u003E\n\n    \u003C\/div\u003E\n\u003Cdiv class=\u0022panel-pane pane-go-to-event-button\u0022\u003E\n            \u003Cdiv class=\u0022pane-go-to-event-button\u0022\u003E\u003Cdiv class=\u0022external-link\u0022\u003E\u003Ca href=\u0022https:\/\/civlcomps.org\/event\/V-open-mudejar-fai-2-2026\u0022 target=\u0022_blank\u0022\u003E\u003C\/a\u003E\u003C\/div\u003E\n\u003C\/div\u003E\n    \u003C\/div\u003E\n      \u003C\/div\u003E\n\u003C\/div\u003E\n    \u003C\/div\u003E\n      \u003C\/div\u003E\n\u003C\/div\u003E\n"},{"location":"lat: -18.4782534, lng: -70.3125988","title":"2nd FAI Pan-American Paragliding Accuracy Championships","content":"\u003Ch2\u003E2nd FAI Pan-American Paragliding Accuracy Championships\u003C\/h2\u003E\n\u003Cdiv class=\u0022panelizer-view-mode node node-map node-event node-203450\u0022\u003E\n          \u003Cdiv  class=\u0022penceo-one-column-simple\u0022\u003E\n            \u003Cdiv class=\u0022panel-pane pane-entity-field pane-node-title-field\u0022\u003E\n            \u003Cdiv class=\u0022field field--name-title-field field--type-text field--label-hidden\u0022\u003E\u003Cdiv class=\u0022field__items\u0022\u003E\u003Cdiv class=\u0022field__item even\u0022\u003E\u003Ch3\u003E2nd FAI Pan-American Paragliding Accuracy Championships\u003C\/h3\u003E\n\u003C\/div\u003E\u003C\/div\u003E\u003C\/div\u003E    \u003C\/div\u003E\n\u003Cdiv class=\u0022panel-pane pane-entity-view pane-node\u0022\u003E\n            \u003Cdiv class=\u0022panelizer-view-mode node node-list-details node-event node-203450\u0022\u003E\n          \u003Cdiv  class=\u0022penceo-one-column-simple\u0022\u003E\n            \u003Cdiv class=\u0022panel-pane pane-list-row-controller\u0022\u003E\n            \u003Cul class=\u0022tabs navigation\u0022\u003E\u003Cli class=\u0022information nav active\u0022 data-id=\u0022information\u0022\u003EInformation\u003C\/li\u003E\n\u003Cli class=\u0022event-organiser nav\u0022 data-id=\u0022event-organiser\u0022\u003EEvent organiser\u003C\/li\u003E\n\u003Cli class=\u0022fai-member-of-the-organising-country nav\u0022 data-id=\u0022fai-member-of-the-organising-country\u0022\u003EFAI Member of the Organising Country\u003C\/li\u003E\n\u003C\/ul\u003E\u003Cdiv class=\u0022switchable-contents\u0022\u003E\n  \u003Cdiv data-id-content=\u0022information\u0022 class=\u0022group-content\u0022\u003E\n          \u003Cdiv class=\u0022row columns\u0022\u003E\n                  \u003Cdiv class=\u0022item-0\u0022\u003EEvent ID\u003C\/div\u003E\n                  \u003Cdiv class=\u0022item-1\u0022\u003EEvent classification\u003C\/div\u003E\n                  \u003Cdiv class=\u0022item-2\u0022\u003EType of event\u003C\/div\u003E\n                  \u003Cdiv class=\u0022item-3\u0022\u003ESport\u003C\/div\u003E\n                  \u003Cdiv class=\u0022item-4\u0022\u003EDisciplines \/ Task Styles\u003C\/div\u003E\n                  \u003Cdiv class=\u0022item-5\u0022\u003EPlace\u003C\/div\u003E\n                  \u003Cdiv class=\u0022item-6\u0022\u003EDate(s)\u003C\/div\u003E\n                  \u003Cdiv class=\u0022item-7\u0022\u003EDocuments\/Links\u003C\/div\u003E\n              \u003C\/div\u003E\n          \u003Cdiv class=\u0022row values\u0022\u003E\n                  \u003Cdiv class=\u0022item-0\u0022\u003E17690\u003C\/div\u003E\n                  \u003Cdiv class=\u0022item-1\u0022\u003EFAI World and continental championships (CAT.1)\u003C\/div\u003E\n                  \u003Cdiv class=\u0022item-2\u0022\u003EContinental Championship\u003C\/div\u003E\n                  \u003Cdiv class=\u0022item-3\u0022\u003EParagliding\u003C\/div\u003E\n                  \u003Cdiv class=\u0022item-4\u0022\u003E\u003Cdiv class=\u0022field field--name-field-discipline-task-list-map field--type-entityreference field--label-hidden\u0022\u003E\u003Cdiv class=\u0022field__items\u0022\u003E\u003Cdiv class=\u0022field__item even\u0022\u003Eclass 3 - Paragliding Accuracy\u003C\/div\u003E\u003C\/div\u003E\u003C\/div\u003E\u003C\/div\u003E\n                  \u003Cdiv class=\u0022item-5\u0022\u003EArica, CHI\u003C\/div\u003E\n                  \u003Cdiv class=\u0022item-6\u0022\u003E\u003Cdiv class=\u0022date-display-range\u0022\u003E\u003Cdiv class=\u0022date-start\u0022\u003E\u003Cspan class=\u0027day\u0027\u003E10\u003C\/span\u003E \u003Cspan class=\u0027month\u0027\u003EJul\u003C\/span\u003E\u003C\/div\u003E\u003Cspan class=\u0022date-display-to\u0022\u003E - \u003C\/span\u003E\u003Cdiv class=\u0022date-end\u0022\u003E\u003Cspan class=\u0027day\u0027\u003E19\u003C\/span\u003E \u003Cspan class=\u0027month\u0027\u003EJul\u003C\/span\u003E \u003Cspan class=\u0027year\u0027\u003E2026\u003C\/span\u003E\u003C\/div\u003E\u003C\/div\u003E\u003C\/div\u003E\n                  \u003Cdiv class=\u0022item-7\u0022\u003E\u003Cdiv class=\u0022pane-go-to-event-button text two-icons\u0022\u003E\u003Cdiv class=\u0022internal-link-text\u0022\u003E\u003Ca href=\u0022\/civl-arica2026\u0022 target=\u0022_blank\u0022\u003EFAI mini-site\u003C\/a\u003E\u003C\/div\u003E\n\u003Cdiv class=\u0022external-link-text\u0022\u003E\u003Ca href=\u0022https:\/\/civlcomps.org\/event\/2nd-panam-pga-championships\u0022 target=\u0022_blank\u0022\u003EOrganiser website\u003C\/a\u003E\u003C\/div\u003E\n\u003C\/div\u003E\n\u003C\/div\u003E\n              \u003C\/div\u003E\n      \u003C\/div\u003E\n  \u003Cdiv data-id-content=\u0022event-organiser\u0022\u003E\n          \u003Cdiv class=\u0022row columns\u0022\u003E\n                  \u003Cdiv class=\u0022item-0\u0022\u003EEvent organiser\u003C\/div\u003E\n                  \u003Cdiv class=\u0022item-1\u0022\u003EContact person\u003C\/div\u003E\n                  \u003Cdiv class=\u0022item-2\u0022\u003EAddress\u003C\/div\u003E\n                  \u003Cdiv class=\u0022item-3\u0022\u003EPhone\u003C\/div\u003E\n                  \u003Cdiv class=\u0022item-4\u0022\u003EFax\u003C\/div\u003E\n                  \u003Cdiv class=\u0022item-5\u0022\u003EEmail\u003C\/div\u003E\n              \u003C\/div\u003E\n          \u003Cdiv class=\u0022row values\u0022\u003E\n                  \u003Cdiv class=\u0022item-0\u0022\u003EChilean Paragliding Federation\u003C\/div\u003E\n                  \u003Cdiv class=\u0022item-1\u0022\u003ERafael Carvallo Perez\u003C\/div\u003E\n                  \u003Cdiv class=\u0022item-2\u0022\u003ESauvignon 5017\u003Cbr \/\u003EPuente Alto\u003Cbr \/\u003ESantiago\u003C\/div\u003E\n                  \u003Cdiv class=\u0022item-3\u0022\u003E+56 9 9822 9608\u003C\/div\u003E\n                  \u003Cdiv class=\u0022item-4\u0022\u003E\u003C\/div\u003E\n                  \u003Cdiv class=\u0022item-5\u0022\u003E\u003Ca href=\u0022mailto:presidencia@fechpa.cl\u0022\u003Epresidencia@fechpa.cl\u003C\/a\u003E\u003C\/div\u003E\n              \u003C\/div\u003E\n      \u003C\/div\u003E\n  \u003Cdiv data-id-content=\u0022fai-member-of-the-organising-country\u0022\u003E\n          \u003Cdiv class=\u0022row columns\u0022\u003E\n                  \u003Cdiv class=\u0022item-0\u0022\u003EName\u003C\/div\u003E\n                  \u003Cdiv class=\u0022item-1\u0022\u003EAddress\u003C\/div\u003E\n                  \u003Cdiv class=\u0022item-2\u0022\u003EPhone\u003C\/div\u003E\n                  \u003Cdiv class=\u0022item-3\u0022\u003EFax\u003C\/div\u003E\n                  \u003Cdiv class=\u0022item-4\u0022\u003EEmail\u003C\/div\u003E\n                  \u003Cdiv class=\u0022item-5\u0022\u003EWebsite\u003C\/div\u003E\n              \u003C\/div\u003E\n          \u003Cdiv class=\u0022row values\u0022\u003E\n                  \u003Cdiv class=\u0022item-0\u0022\u003EFEDERACION AEREA DE CHILE\u003C\/div\u003E\n                  \u003Cdiv class=\u0022item-1\u0022\u003EFedach Hangar, La Reina\u003Cbr \/\u003EAlcalde Fernando Castillo Velasco 7941\u003Cbr \/\u003E7850000\u003C\/div\u003E\n                  \u003Cdiv class=\u0022item-2\u0022\u003E+56 (9) 79865638\u003C\/div\u003E\n                  \u003Cdiv class=\u0022item-3\u0022\u003E+56 (2) 264-9123\u003C\/div\u003E\n                  \u003Cdiv class=\u0022item-4\u0022\u003E\u003Ca href=\u0022mailto:gerencia@fedach.cl\u0022\u003Egerencia@fedach.cl\u003C\/a\u003E\u003Cbr \/\u003E\u003Ca href=\u0022mailto:secretaria@fedach.cl\u0022\u003Esecretaria@fedach.cl\u003C\/a\u003E\u003C\/div\u003E\n                  \u003Cdiv class=\u0022item-5\u0022\u003E\u003Ca href=\u0022http:\/\/www.fedach.cl\/\u0022 target=\u0022_blank\u0022\u003Ehttp:\/\/www.fedach.cl\/\u003C\/a\u003E\u003C\/div\u003E\n              \u003C\/div\u003E\n      \u003C\/div\u003E\n\u003C\/div\u003E\n\n    \u003C\/div\u003E\n\u003Cdiv class=\u0022panel-pane pane-go-to-event-button\u0022\u003E\n            \u003Cdiv class=\u0022pane-go-to-event-button two-icons\u0022\u003E\u003Cdiv class=\u0022internal-link\u0022\u003E\u003Ca href=\u0022\/civl-arica2026\u0022 target=\u0022_blank\u0022\u003E\u003C\/a\u003E\u003C\/div\u003E\n\u003Cdiv class=\u0022external-link\u0022\u003E\u003Ca href=\u0022https:\/\/civlcomps.org\/event\/2nd-panam-pga-championships\u0022 target=\u0022_blank\u0022\u003E\u003C\/a\u003E\u003C\/div\u003E\n\u003C\/div\u003E\n    \u003C\/div\u003E\n      \u003C\/div\u003E\n\u003C\/div\u003E\n    \u003C\/div\u003E\n      \u003C\/div\u003E\n\u003C\/div\u003E\n"},{"location":"lat: 36.8812379, lng: -5.4031177","title":"2026 Campeonato de Espa\u00f1a Cross Country XC Algodonales 2026","content":"\u003Ch2\u003E2026 Campeonato de Espa\u00f1a Cross Country XC Algodonales 2026\u003C\/h2\u003E\n\u003Cdiv class=\u0022panelizer-view-mode node node-map node-event node-205464\u0022\u003E\n          \u003Cdiv  class=\u0022penceo-one-column-simple\u0022\u003E\n            \u003Cdiv class=\u0022panel-pane pane-entity-field pane-node-title-field\u0022\u003E\n            \u003Cdiv class=\u0022field field--name-title-field field--type-text field--label-hidden\u0022\u003E\u003Cdiv class=\u0022field__items\u0022\u003E\u003Cdiv class=\u0022field__item even\u0022\u003E\u003Ch3\u003E2026 Campeonato de Espa\u00f1a Cross Country XC Algodonales 2026\u003C\/h3\u003E\n\u003C\/div\u003E\u003C\/div\u003E\u003C\/div\u003E    \u003C\/div\u003E\n\u003Cdiv class=\u0022panel-pane pane-entity-view pane-node\u0022\u003E\n            \u003Cdiv class=\u0022panelizer-view-mode node node-list-details node-event node-205464\u0022\u003E\n          \u003Cdiv  class=\u0022penceo-one-column-simple\u0022\u003E\n            \u003Cdiv class=\u0022panel-pane pane-list-row-controller\u0022\u003E\n            \u003Cul class=\u0022tabs navigation\u0022\u003E\u003Cli class=\u0022information nav active\u0022 data-id=\u0022information\u0022\u003EInformation\u003C\/li\u003E\n\u003Cli class=\u0022event-organiser nav\u0022 data-id=\u0022event-organiser\u0022\u003EEvent organiser\u003C\/li\u003E\n\u003Cli class=\u0022fai-member-of-the-organising-country nav\u0022 data-id=\u0022fai-member-of-the-organising-country\u0022\u003EFAI Member of the Organising Country\u003C\/li\u003E\n\u003C\/ul\u003E\u003Cdiv class=\u0022switchable-contents\u0022\u003E\n  \u003Cdiv data-id-content=\u0022information\u0022 class=\u0022group-content\u0022\u003E\n          \u003Cdiv class=\u0022row columns\u0022\u003E\n                  \u003Cdiv class=\u0022item-0\u0022\u003EEvent ID\u003C\/div\u003E\n                  \u003Cdiv class=\u0022item-1\u0022\u003EEvent classification\u003C\/div\u003E\n                  \u003Cdiv class=\u0022item-2\u0022\u003EType of event\u003C\/div\u003E\n                  \u003Cdiv class=\u0022item-3\u0022\u003ESport\u003C\/div\u003E\n                  \u003Cdiv class=\u0022item-4\u0022\u003EDisciplines \/ Task Styles\u003C\/div\u003E\n                  \u003Cdiv class=\u0022item-5\u0022\u003EPlace\u003C\/div\u003E\n                  \u003Cdiv class=\u0022item-6\u0022\u003EDate(s)\u003C\/div\u003E\n                  \u003Cdiv class=\u0022item-7\u0022\u003EDocuments\/Links\u003C\/div\u003E\n              \u003C\/div\u003E\n          \u003Cdiv class=\u0022row values\u0022\u003E\n                  \u003Cdiv class=\u0022item-0\u0022\u003E18306\u003C\/div\u003E\n                  \u003Cdiv class=\u0022item-1\u0022\u003EOther upcoming FAI-Sanctioned events (CAT.2)\u003C\/div\u003E\n                  \u003Cdiv class=\u0022item-2\u0022\u003ESecond Category Event\u003C\/div\u003E\n                  \u003Cdiv class=\u0022item-3\u0022\u003EParagliding\u003C\/div\u003E\n                  \u003Cdiv class=\u0022item-4\u0022\u003E\u003Cdiv class=\u0022field field--name-field-discipline-task-list-map field--type-entityreference field--label-hidden\u0022\u003E\u003Cdiv class=\u0022field__items\u0022\u003E\u003Cdiv class=\u0022field__item even\u0022\u003Eclass 3 - Cross Country\u003C\/div\u003E\u003C\/div\u003E\u003C\/div\u003E\u003C\/div\u003E\n                  \u003Cdiv class=\u0022item-5\u0022\u003EAlgodonales, ESP\u003C\/div\u003E\n                  \u003Cdiv class=\u0022item-6\u0022\u003E\u003Cdiv class=\u0022date-display-range\u0022\u003E\u003Cdiv class=\u0022date-start\u0022\u003E\u003Cspan class=\u0027day\u0027\u003E13\u003C\/span\u003E \u003Cspan class=\u0027month\u0027\u003ESep\u003C\/span\u003E\u003C\/div\u003E\u003Cspan class=\u0022date-display-to\u0022\u003E - \u003C\/span\u003E\u003Cdiv class=\u0022date-end\u0022\u003E\u003Cspan class=\u0027day\u0027\u003E19\u003C\/span\u003E \u003Cspan class=\u0027month\u0027\u003ESep\u003C\/span\u003E \u003Cspan class=\u0027year\u0027\u003E2026\u003C\/span\u003E\u003C\/div\u003E\u003C\/div\u003E\u003C\/div\u003E\n                  \u003Cdiv class=\u0022item-7\u0022\u003E\u003Cdiv class=\u0022pane-go-to-event-button text\u0022\u003E\u003Cdiv class=\u0022external-link-text\u0022\u003E\u003Ca href=\u0022https:\/\/civlcomps.org\/event\/Cto-Espana-Algodonales-2026\u0022 target=\u0022_blank\u0022\u003EOrganiser website\u003C\/a\u003E\u003C\/div\u003E\n\u003C\/div\u003E\n\u003C\/div\u003E\n              \u003C\/div\u003E\n      \u003C\/div\u003E\n  \u003Cdiv data-id-content=\u0022event-organiser\u0022\u003E\n          \u003Cdiv class=\u0022row columns\u0022\u003E\n                  \u003Cdiv class=\u0022item-0\u0022\u003EEvent organiser\u003C\/div\u003E\n                  \u003Cdiv class=\u0022item-1\u0022\u003EContact person\u003C\/div\u003E\n                  \u003Cdiv class=\u0022item-2\u0022\u003EAddress\u003C\/div\u003E\n                  \u003Cdiv class=\u0022item-3\u0022\u003EPhone\u003C\/div\u003E\n                  \u003Cdiv class=\u0022item-4\u0022\u003EFax\u003C\/div\u003E\n                  \u003Cdiv class=\u0022item-5\u0022\u003EEmail\u003C\/div\u003E\n              \u003C\/div\u003E\n          \u003Cdiv class=\u0022row values\u0022\u003E\n                  \u003Cdiv class=\u0022item-0\u0022\u003EClub CIVA\u003C\/div\u003E\n                  \u003Cdiv class=\u0022item-1\u0022\u003EJes\u00fas Bernal Moreno\u003C\/div\u003E\n                  \u003Cdiv class=\u0022item-2\u0022\u003E\u003C\/div\u003E\n                  \u003Cdiv class=\u0022item-3\u0022\u003E+34654941938__\u003C\/div\u003E\n                  \u003Cdiv class=\u0022item-4\u0022\u003E\u003C\/div\u003E\n                  \u003Cdiv class=\u0022item-5\u0022\u003E\u003Ca href=\u0022mailto:civaalgodonales@gmail.com\u0022\u003Ecivaalgodonales@gmail.com\u003C\/a\u003E\u003C\/div\u003E\n              \u003C\/div\u003E\n      \u003C\/div\u003E\n  \u003Cdiv data-id-content=\u0022fai-member-of-the-organising-country\u0022\u003E\n          \u003Cdiv class=\u0022row columns\u0022\u003E\n                  \u003Cdiv class=\u0022item-0\u0022\u003EName\u003C\/div\u003E\n                  \u003Cdiv class=\u0022item-1\u0022\u003EAddress\u003C\/div\u003E\n                  \u003Cdiv class=\u0022item-2\u0022\u003EPhone\u003C\/div\u003E\n                  \u003Cdiv class=\u0022item-3\u0022\u003EFax\u003C\/div\u003E\n                  \u003Cdiv class=\u0022item-4\u0022\u003EEmail\u003C\/div\u003E\n                  \u003Cdiv class=\u0022item-5\u0022\u003EWebsite\u003C\/div\u003E\n              \u003C\/div\u003E\n          \u003Cdiv class=\u0022row values\u0022\u003E\n                  \u003Cdiv class=\u0022item-0\u0022\u003EREAL FEDERACI\u00d3N AERON\u00c1UTICA ESPA\u00d1OLA\u003C\/div\u003E\n                  \u003Cdiv class=\u0022item-1\u0022\u003ECarretera del Barrio de la Fortuna, 14\u003Cbr \/\u003E28054\u003C\/div\u003E\n                  \u003Cdiv class=\u0022item-2\u0022\u003E+ 34 91 508 29 50 \/ +34 91 508 54 80\u003C\/div\u003E\n                  \u003Cdiv class=\u0022item-3\u0022\u003E\u003C\/div\u003E\n                  \u003Cdiv class=\u0022item-4\u0022\u003E\u003Ca href=\u0022mailto:fae@rfae.es\u0022\u003Efae@rfae.es\u003C\/a\u003E\u003Cbr \/\u003E\u003Ca href=\u0022mailto:presidente@rfae.es\u0022\u003Epresidente@rfae.es\u003C\/a\u003E\u003C\/div\u003E\n                  \u003Cdiv class=\u0022item-5\u0022\u003E\u003Ca href=\u0022http:\/\/www.rfae.es\/\u0022 target=\u0022_blank\u0022\u003Ehttp:\/\/www.rfae.es\/\u003C\/a\u003E\u003C\/div\u003E\n              \u003C\/div\u003E\n      \u003C\/div\u003E\n\u003C\/div\u003E\n\n    \u003C\/div\u003E\n\u003Cdiv class=\u0022panel-pane pane-go-to-event-button\u0022\u003E\n            \u003Cdiv class=\u0022pane-go-to-event-button\u0022\u003E\u003Cdiv class=\u0022external-link\u0022\u003E\u003Ca href=\u0022https:\/\/civlcomps.org\/event\/Cto-Espana-Algodonales-2026\u0022 target=\u0022_blank\u0022\u003E\u003C\/a\u003E\u003C\/div\u003E\n\u003C\/div\u003E\n    \u003C\/div\u003E\n      \u003C\/div\u003E\n\u003C\/div\u003E\n    \u003C\/div\u003E\n      \u003C\/div\u003E\n\u003C\/div\u003E\n"}],"widget":"auto"}},"merge":true},{"command":"insert","method":"replaceWith","selector":".fai-event-list-content","data":"\u003Cdiv id=\u0022map\u0022 class=\u0022fai-event-list-content map-display\u0022\u003E\u003Ch2\u003EEvents - Map\u003C\/h2\u003E\n\u003Cdiv class=\u0022event-list-view-widget\u0022\u003E\u003Cdiv id=\u0022event-list-display-map\u0022\u003E\u003C\/div\u003E\u003C\/div\u003E\n\u003C\/div\u003E","settings":null}]