
[{"command":"settings","settings":{"basePath":"\/","pathPrefix":"","setHasJsCookie":0,"eventDefaults":{"selectedDisplay":"map","data":[{"location":"lat: -25.274398, lng: 133.775136","title":"2025 F3A Australian Masters","content":"\u003Ch2\u003E2025 F3A Australian Masters\u003C\/h2\u003E\n\u003Cdiv class=\u0022panelizer-view-mode node node-map node-event node-201139\u0022\u003E\n          \u003Cdiv  class=\u0022penceo-one-column-simple\u0022\u003E\n            \u003Cdiv class=\u0022panel-pane pane-entity-field pane-node-title-field\u0022\u003E\n            \u003Cdiv class=\u0022field field--name-title-field field--type-text field--label-hidden\u0022\u003E\u003Cdiv class=\u0022field__items\u0022\u003E\u003Cdiv class=\u0022field__item even\u0022\u003E\u003Ch3\u003E2025 F3A Australian Masters\u003C\/h3\u003E\n\u003C\/div\u003E\u003C\/div\u003E\u003C\/div\u003E    \u003C\/div\u003E\n\u003Cdiv class=\u0022panel-pane pane-entity-view pane-node\u0022\u003E\n            \u003Cdiv class=\u0022panelizer-view-mode node node-list-details node-event node-201139\u0022\u003E\n          \u003Cdiv  class=\u0022penceo-one-column-simple\u0022\u003E\n            \u003Cdiv class=\u0022panel-pane pane-list-row-controller\u0022\u003E\n            \u003Cul class=\u0022tabs navigation\u0022\u003E\u003Cli class=\u0022information nav active\u0022 data-id=\u0022information\u0022\u003EInformation\u003C\/li\u003E\n\u003Cli class=\u0022event-organiser nav\u0022 data-id=\u0022event-organiser\u0022\u003EEvent organiser\u003C\/li\u003E\n\u003Cli class=\u0022fai-member-of-the-organising-country nav\u0022 data-id=\u0022fai-member-of-the-organising-country\u0022\u003EFAI Member of the Organising Country\u003C\/li\u003E\n\u003C\/ul\u003E\u003Cdiv class=\u0022switchable-contents\u0022\u003E\n  \u003Cdiv data-id-content=\u0022information\u0022 class=\u0022group-content\u0022\u003E\n          \u003Cdiv class=\u0022row columns\u0022\u003E\n                  \u003Cdiv class=\u0022item-0\u0022\u003EEvent ID\u003C\/div\u003E\n                  \u003Cdiv class=\u0022item-1\u0022\u003EEvent classification\u003C\/div\u003E\n                  \u003Cdiv class=\u0022item-2\u0022\u003EType of event\u003C\/div\u003E\n                  \u003Cdiv class=\u0022item-3\u0022\u003ESport\u003C\/div\u003E\n                  \u003Cdiv class=\u0022item-4\u0022\u003EDisciplines \/ Task Styles\u003C\/div\u003E\n                  \u003Cdiv class=\u0022item-5\u0022\u003EPlace\u003C\/div\u003E\n                  \u003Cdiv class=\u0022item-6\u0022\u003EDate(s)\u003C\/div\u003E\n              \u003C\/div\u003E\n          \u003Cdiv class=\u0022row values\u0022\u003E\n                  \u003Cdiv class=\u0022item-0\u0022\u003E17391\u003C\/div\u003E\n                  \u003Cdiv class=\u0022item-1\u0022\u003EOther upcoming FAI-Sanctioned events (CAT.2)\u003C\/div\u003E\n                  \u003Cdiv class=\u0022item-2\u0022\u003EOpen International - World Cup Event\u003C\/div\u003E\n                  \u003Cdiv class=\u0022item-3\u0022\u003EAeromodelling\u003C\/div\u003E\n                  \u003Cdiv class=\u0022item-4\u0022\u003E\u003Cdiv class=\u0022field field--name-field-discipline-task-list-map field--type-entityreference field--label-hidden\u0022\u003E\u003Cdiv class=\u0022field__items\u0022\u003E\u003Cdiv class=\u0022field__item even\u0022\u003EF3 - Radio Controlled Flight - F3A (RC Aerobatic Aircraft)\u003C\/div\u003E\u003C\/div\u003E\u003C\/div\u003E\u003C\/div\u003E\n                  \u003Cdiv class=\u0022item-5\u0022\u003EAustralian Pression Aerobatics , AUS\u003C\/div\u003E\n                  \u003Cdiv class=\u0022item-6\u0022\u003E\u003Cdiv class=\u0022date-display-range\u0022\u003E\u003Cdiv class=\u0022date-start\u0022\u003E\u003Cspan class=\u0027day\u0027\u003E08\u003C\/span\u003E \u003Cspan class=\u0027month\u0027\u003EMar\u003C\/span\u003E\u003C\/div\u003E\u003Cspan class=\u0022date-display-to\u0022\u003E - \u003C\/span\u003E\u003Cdiv class=\u0022date-end\u0022\u003E\u003Cspan class=\u0027day\u0027\u003E10\u003C\/span\u003E \u003Cspan class=\u0027month\u0027\u003EMar\u003C\/span\u003E \u003Cspan class=\u0027year\u0027\u003E2025\u003C\/span\u003E\u003C\/div\u003E\u003C\/div\u003EAlternate date(s):\u003Cdiv class=\u0022date-display-range\u0022\u003E\u003Cdiv class=\u0022date-start\u0022\u003E\u003Cspan class=\u0027day\u0027\u003E08\u003C\/span\u003E \u003Cspan class=\u0027month\u0027\u003EMar\u003C\/span\u003E\u003C\/div\u003E\u003Cspan class=\u0022date-display-to\u0022\u003E - \u003C\/span\u003E\u003Cdiv class=\u0022date-end\u0022\u003E\u003Cspan class=\u0027day\u0027\u003E10\u003C\/span\u003E \u003Cspan class=\u0027month\u0027\u003EMar\u003C\/span\u003E \u003Cspan class=\u0027year\u0027\u003E2025\u003C\/span\u003E\u003C\/div\u003E\u003C\/div\u003E\u003C\/div\u003E\n              \u003C\/div\u003E\n      \u003C\/div\u003E\n  \u003Cdiv data-id-content=\u0022event-organiser\u0022\u003E\n          \u003Cdiv class=\u0022row columns\u0022\u003E\n                  \u003Cdiv class=\u0022item-0\u0022\u003EEvent organiser\u003C\/div\u003E\n                  \u003Cdiv class=\u0022item-1\u0022\u003EContact person\u003C\/div\u003E\n                  \u003Cdiv class=\u0022item-2\u0022\u003EAddress\u003C\/div\u003E\n                  \u003Cdiv class=\u0022item-3\u0022\u003EPhone\u003C\/div\u003E\n                  \u003Cdiv class=\u0022item-4\u0022\u003EFax\u003C\/div\u003E\n                  \u003Cdiv class=\u0022item-5\u0022\u003EEmail\u003C\/div\u003E\n              \u003C\/div\u003E\n          \u003Cdiv class=\u0022row values\u0022\u003E\n                  \u003Cdiv class=\u0022item-0\u0022\u003EAustralian Precision Aerobatics\u003C\/div\u003E\n                  \u003Cdiv class=\u0022item-1\u0022\u003Esecretary\u003C\/div\u003E\n                  \u003Cdiv class=\u0022item-2\u0022\u003E63 Charlton Avenue\u003Cbr \/\u003E2170 Chipping Norton\u003C\/div\u003E\n                  \u003Cdiv class=\u0022item-3\u0022\u003E+610428880633_\u003C\/div\u003E\n                  \u003Cdiv class=\u0022item-4\u0022\u003E\u003C\/div\u003E\n                  \u003Cdiv class=\u0022item-5\u0022\u003E\u003Ca href=\u0022mailto:secretary@f3a.com.au\u0022\u003Esecretary@f3a.com.au\u003C\/a\u003E\u003C\/div\u003E\n              \u003C\/div\u003E\n      \u003C\/div\u003E\n  \u003Cdiv data-id-content=\u0022fai-member-of-the-organising-country\u0022\u003E\n          \u003Cdiv class=\u0022row columns\u0022\u003E\n                  \u003Cdiv class=\u0022item-0\u0022\u003EName\u003C\/div\u003E\n                  \u003Cdiv class=\u0022item-1\u0022\u003EAddress\u003C\/div\u003E\n                  \u003Cdiv class=\u0022item-2\u0022\u003EPhone\u003C\/div\u003E\n                  \u003Cdiv class=\u0022item-3\u0022\u003EFax\u003C\/div\u003E\n                  \u003Cdiv class=\u0022item-4\u0022\u003EEmail\u003C\/div\u003E\n                  \u003Cdiv class=\u0022item-5\u0022\u003EWebsite\u003C\/div\u003E\n              \u003C\/div\u003E\n          \u003Cdiv class=\u0022row values\u0022\u003E\n                  \u003Cdiv class=\u0022item-0\u0022\u003EModel Aeronautical Association of Australia\u003C\/div\u003E\n                  \u003Cdiv class=\u0022item-1\u0022\u003E63 Lydford Close\u003Cbr \/\u003EQLD 4213\u003C\/div\u003E\n                  \u003Cdiv class=\u0022item-2\u0022\u003E+61 7 3207 9067\u003C\/div\u003E\n                  \u003Cdiv class=\u0022item-3\u0022\u003E+61 7 3207 8175\u003C\/div\u003E\n                  \u003Cdiv class=\u0022item-4\u0022\u003E\u003Ca href=\u0022mailto:secretary@maaa.asn.au\u0022\u003Esecretary@maaa.asn.au\u003C\/a\u003E\u003Cbr \/\u003E\u003Ca href=\u0022mailto:Ciam.delegate@maaa.asn.au\u0022\u003ECiam.delegate@maaa.asn.au\u003C\/a\u003E\u003C\/div\u003E\n                  \u003Cdiv class=\u0022item-5\u0022\u003E\u003Ca href=\u0022http:\/\/www.maaa.asn.au\/\u0022 target=\u0022_blank\u0022\u003Ehttp:\/\/www.maaa.asn.au\/\u003C\/a\u003E\u003C\/div\u003E\n              \u003C\/div\u003E\n      \u003C\/div\u003E\n\u003C\/div\u003E\n\n    \u003C\/div\u003E\n      \u003C\/div\u003E\n\u003C\/div\u003E\n    \u003C\/div\u003E\n      \u003C\/div\u003E\n\u003C\/div\u003E\n"},{"location":"lat: 37.5652129, lng: 126.9773517","title":"2025 KOREA F3A WORLD CUP","content":"\u003Ch2\u003E2025 KOREA F3A WORLD CUP\u003C\/h2\u003E\n\u003Cdiv class=\u0022panelizer-view-mode node node-map node-event node-201138\u0022\u003E\n          \u003Cdiv  class=\u0022penceo-one-column-simple\u0022\u003E\n            \u003Cdiv class=\u0022panel-pane pane-entity-field pane-node-title-field\u0022\u003E\n            \u003Cdiv class=\u0022field field--name-title-field field--type-text field--label-hidden\u0022\u003E\u003Cdiv class=\u0022field__items\u0022\u003E\u003Cdiv class=\u0022field__item even\u0022\u003E\u003Ch3\u003E2025 KOREA F3A WORLD CUP\u003C\/h3\u003E\n\u003C\/div\u003E\u003C\/div\u003E\u003C\/div\u003E    \u003C\/div\u003E\n\u003Cdiv class=\u0022panel-pane pane-entity-view pane-node\u0022\u003E\n            \u003Cdiv class=\u0022panelizer-view-mode node node-list-details node-event node-201138\u0022\u003E\n          \u003Cdiv  class=\u0022penceo-one-column-simple\u0022\u003E\n            \u003Cdiv class=\u0022panel-pane pane-list-row-controller\u0022\u003E\n            \u003Cul class=\u0022tabs navigation\u0022\u003E\u003Cli class=\u0022information nav active\u0022 data-id=\u0022information\u0022\u003EInformation\u003C\/li\u003E\n\u003Cli class=\u0022event-organiser nav\u0022 data-id=\u0022event-organiser\u0022\u003EEvent organiser\u003C\/li\u003E\n\u003Cli class=\u0022fai-member-of-the-organising-country nav\u0022 data-id=\u0022fai-member-of-the-organising-country\u0022\u003EFAI Member of the Organising Country\u003C\/li\u003E\n\u003C\/ul\u003E\u003Cdiv class=\u0022switchable-contents\u0022\u003E\n  \u003Cdiv data-id-content=\u0022information\u0022 class=\u0022group-content\u0022\u003E\n          \u003Cdiv class=\u0022row columns\u0022\u003E\n                  \u003Cdiv class=\u0022item-0\u0022\u003EEvent ID\u003C\/div\u003E\n                  \u003Cdiv class=\u0022item-1\u0022\u003EEvent classification\u003C\/div\u003E\n                  \u003Cdiv class=\u0022item-2\u0022\u003EType of event\u003C\/div\u003E\n                  \u003Cdiv class=\u0022item-3\u0022\u003ESport\u003C\/div\u003E\n                  \u003Cdiv class=\u0022item-4\u0022\u003EDisciplines \/ Task Styles\u003C\/div\u003E\n                  \u003Cdiv class=\u0022item-5\u0022\u003EPlace\u003C\/div\u003E\n                  \u003Cdiv class=\u0022item-6\u0022\u003EDate(s)\u003C\/div\u003E\n                  \u003Cdiv class=\u0022item-7\u0022\u003EDocuments\/Links\u003C\/div\u003E\n              \u003C\/div\u003E\n          \u003Cdiv class=\u0022row values\u0022\u003E\n                  \u003Cdiv class=\u0022item-0\u0022\u003E17390\u003C\/div\u003E\n                  \u003Cdiv class=\u0022item-1\u0022\u003EOther upcoming FAI-Sanctioned events (CAT.2)\u003C\/div\u003E\n                  \u003Cdiv class=\u0022item-2\u0022\u003EOpen International - World Cup Event\u003C\/div\u003E\n                  \u003Cdiv class=\u0022item-3\u0022\u003EAeromodelling\u003C\/div\u003E\n                  \u003Cdiv class=\u0022item-4\u0022\u003E\u003Cdiv class=\u0022field field--name-field-discipline-task-list-map field--type-entityreference field--label-hidden\u0022\u003E\u003Cdiv class=\u0022field__items\u0022\u003E\u003Cdiv class=\u0022field__item even\u0022\u003EF3 - Radio Controlled Flight - F3A (RC Aerobatic Aircraft)\u003C\/div\u003E\u003C\/div\u003E\u003C\/div\u003E\u003C\/div\u003E\n                  \u003Cdiv class=\u0022item-5\u0022\u003ESeoul, KOR\u003C\/div\u003E\n                  \u003Cdiv class=\u0022item-6\u0022\u003E\u003Cdiv class=\u0022date-display-range\u0022\u003E\u003Cdiv class=\u0022date-start\u0022\u003E\u003Cspan class=\u0027day\u0027\u003E24\u003C\/span\u003E \u003Cspan class=\u0027month\u0027\u003EApr\u003C\/span\u003E\u003C\/div\u003E\u003Cspan class=\u0022date-display-to\u0022\u003E - \u003C\/span\u003E\u003Cdiv class=\u0022date-end\u0022\u003E\u003Cspan class=\u0027day\u0027\u003E26\u003C\/span\u003E \u003Cspan class=\u0027month\u0027\u003EApr\u003C\/span\u003E \u003Cspan class=\u0027year\u0027\u003E2025\u003C\/span\u003E\u003C\/div\u003E\u003C\/div\u003EAlternate date(s):\u003Cdiv class=\u0022date-display-range\u0022\u003E\u003Cdiv class=\u0022date-start\u0022\u003E\u003Cspan class=\u0027day\u0027\u003E01\u003C\/span\u003E \u003Cspan class=\u0027month\u0027\u003EMay\u003C\/span\u003E\u003C\/div\u003E\u003Cspan class=\u0022date-display-to\u0022\u003E - \u003C\/span\u003E\u003Cdiv class=\u0022date-end\u0022\u003E\u003Cspan class=\u0027day\u0027\u003E03\u003C\/span\u003E \u003Cspan class=\u0027month\u0027\u003EMay\u003C\/span\u003E \u003Cspan class=\u0027year\u0027\u003E2025\u003C\/span\u003E\u003C\/div\u003E\u003C\/div\u003E\u003C\/div\u003E\n                  \u003Cdiv class=\u0022item-7\u0022\u003E\u003Cdiv class=\u0022pane-go-to-event-button text\u0022\u003E\u003Cdiv class=\u0022external-link-text\u0022\u003E\u003Ca href=\u0022http:\/\/www.koreaf3a.com\u0022 target=\u0022_blank\u0022\u003EOrganiser website\u003C\/a\u003E\u003C\/div\u003E\n\u003C\/div\u003E\n\u003C\/div\u003E\n              \u003C\/div\u003E\n      \u003C\/div\u003E\n  \u003Cdiv data-id-content=\u0022event-organiser\u0022\u003E\n          \u003Cdiv class=\u0022row columns\u0022\u003E\n                  \u003Cdiv class=\u0022item-0\u0022\u003EEvent organiser\u003C\/div\u003E\n                  \u003Cdiv class=\u0022item-1\u0022\u003EContact person\u003C\/div\u003E\n                  \u003Cdiv class=\u0022item-2\u0022\u003EAddress\u003C\/div\u003E\n                  \u003Cdiv class=\u0022item-3\u0022\u003EPhone\u003C\/div\u003E\n                  \u003Cdiv class=\u0022item-4\u0022\u003EFax\u003C\/div\u003E\n                  \u003Cdiv class=\u0022item-5\u0022\u003EEmail\u003C\/div\u003E\n              \u003C\/div\u003E\n          \u003Cdiv class=\u0022row values\u0022\u003E\n                  \u003Cdiv class=\u0022item-0\u0022\u003EKorea Aero Models Association\u003C\/div\u003E\n                  \u003Cdiv class=\u0022item-1\u0022\u003EChanil PARK\u003C\/div\u003E\n                  \u003Cdiv class=\u0022item-2\u0022\u003E501, Shinwha B\/, 20,\u003Cbr \/\u003ENaruteo-ro 12-gil Seochu-gu\u003Cbr \/\u003ESeoul 06527\u003C\/div\u003E\n                  \u003Cdiv class=\u0022item-3\u0022\u003E+821089710896_\u003C\/div\u003E\n                  \u003Cdiv class=\u0022item-4\u0022\u003E+8225481967___\u003C\/div\u003E\n                  \u003Cdiv class=\u0022item-5\u0022\u003E\u003Ca href=\u0022mailto:beaton@naver.com\u0022\u003Ebeaton@naver.com\u003C\/a\u003E\u003Cbr \/\u003E\u003Ca href=\u0022mailto:kama@k-ama.org\u0022\u003Ekama@k-ama.org\u003C\/a\u003E\u003C\/div\u003E\n              \u003C\/div\u003E\n      \u003C\/div\u003E\n  \u003Cdiv data-id-content=\u0022fai-member-of-the-organising-country\u0022\u003E\n          \u003Cdiv class=\u0022row columns\u0022\u003E\n                  \u003Cdiv class=\u0022item-0\u0022\u003EName\u003C\/div\u003E\n                  \u003Cdiv class=\u0022item-1\u0022\u003EAddress\u003C\/div\u003E\n                  \u003Cdiv class=\u0022item-2\u0022\u003EPhone\u003C\/div\u003E\n                  \u003Cdiv class=\u0022item-3\u0022\u003EFax\u003C\/div\u003E\n                  \u003Cdiv class=\u0022item-4\u0022\u003EEmail\u003C\/div\u003E\n                  \u003Cdiv class=\u0022item-5\u0022\u003EWebsite\u003C\/div\u003E\n              \u003C\/div\u003E\n          \u003Cdiv class=\u0022row values\u0022\u003E\n                  \u003Cdiv class=\u0022item-0\u0022\u003EDAEHANMINGOOK HANG GONG HWE\u003C\/div\u003E\n                  \u003Cdiv class=\u0022item-1\u0022\u003E132-4 Bongrae-Dong-1-Ga\u003Cbr \/\u003E#702 Hanil Building\u003Cbr \/\u003E04512\u003C\/div\u003E\n                  \u003Cdiv class=\u0022item-2\u0022\u003E+82 2 424 5933  or  5934\u003C\/div\u003E\n                  \u003Cdiv class=\u0022item-3\u0022\u003E+82 2 412 6115\u003C\/div\u003E\n                  \u003Cdiv class=\u0022item-4\u0022\u003E\u003Ca href=\u0022mailto:fka@fkaero.or.kr\u0022\u003Efka@fkaero.or.kr\u003C\/a\u003E\u003C\/div\u003E\n                  \u003Cdiv class=\u0022item-5\u0022\u003E\u003Ca href=\u0022http:\/\/www.fkaero.or.kr\u0022 target=\u0022_blank\u0022\u003Ehttp:\/\/www.fkaero.or.kr\u003C\/a\u003E\u003C\/div\u003E\n              \u003C\/div\u003E\n      \u003C\/div\u003E\n\u003C\/div\u003E\n\n    \u003C\/div\u003E\n\u003Cdiv class=\u0022panel-pane pane-go-to-event-button\u0022\u003E\n            \u003Cdiv class=\u0022pane-go-to-event-button\u0022\u003E\u003Cdiv class=\u0022external-link\u0022\u003E\u003Ca href=\u0022http:\/\/www.koreaf3a.com\u0022 target=\u0022_blank\u0022\u003E\u003C\/a\u003E\u003C\/div\u003E\n\u003C\/div\u003E\n    \u003C\/div\u003E\n      \u003C\/div\u003E\n\u003C\/div\u003E\n    \u003C\/div\u003E\n      \u003C\/div\u003E\n\u003C\/div\u003E\n"},{"location":"lat: 35.86166, lng: 104.195397","title":"2025 ASFC F3A World Cup, China","content":"\u003Ch2\u003E2025 ASFC F3A World Cup, China\u003C\/h2\u003E\n\u003Cdiv class=\u0022panelizer-view-mode node node-map node-event node-201137\u0022\u003E\n          \u003Cdiv  class=\u0022penceo-one-column-simple\u0022\u003E\n            \u003Cdiv class=\u0022panel-pane pane-entity-field pane-node-title-field\u0022\u003E\n            \u003Cdiv class=\u0022field field--name-title-field field--type-text field--label-hidden\u0022\u003E\u003Cdiv class=\u0022field__items\u0022\u003E\u003Cdiv class=\u0022field__item even\u0022\u003E\u003Ch3\u003E2025 ASFC F3A World Cup, China\u003C\/h3\u003E\n\u003C\/div\u003E\u003C\/div\u003E\u003C\/div\u003E    \u003C\/div\u003E\n\u003Cdiv class=\u0022panel-pane pane-entity-view pane-node\u0022\u003E\n            \u003Cdiv class=\u0022panelizer-view-mode node node-list-details node-event node-201137\u0022\u003E\n          \u003Cdiv  class=\u0022penceo-one-column-simple\u0022\u003E\n            \u003Cdiv class=\u0022panel-pane pane-list-row-controller\u0022\u003E\n            \u003Cul class=\u0022tabs navigation\u0022\u003E\u003Cli class=\u0022information nav active\u0022 data-id=\u0022information\u0022\u003EInformation\u003C\/li\u003E\n\u003Cli class=\u0022event-organiser nav\u0022 data-id=\u0022event-organiser\u0022\u003EEvent organiser\u003C\/li\u003E\n\u003Cli class=\u0022fai-member-of-the-organising-country nav\u0022 data-id=\u0022fai-member-of-the-organising-country\u0022\u003EFAI Member of the Organising Country\u003C\/li\u003E\n\u003C\/ul\u003E\u003Cdiv class=\u0022switchable-contents\u0022\u003E\n  \u003Cdiv data-id-content=\u0022information\u0022 class=\u0022group-content\u0022\u003E\n          \u003Cdiv class=\u0022row columns\u0022\u003E\n                  \u003Cdiv class=\u0022item-0\u0022\u003EEvent ID\u003C\/div\u003E\n                  \u003Cdiv class=\u0022item-1\u0022\u003EEvent classification\u003C\/div\u003E\n                  \u003Cdiv class=\u0022item-2\u0022\u003EType of event\u003C\/div\u003E\n                  \u003Cdiv class=\u0022item-3\u0022\u003ESport\u003C\/div\u003E\n                  \u003Cdiv class=\u0022item-4\u0022\u003EDisciplines \/ Task Styles\u003C\/div\u003E\n                  \u003Cdiv class=\u0022item-5\u0022\u003EPlace\u003C\/div\u003E\n                  \u003Cdiv class=\u0022item-6\u0022\u003EDate(s)\u003C\/div\u003E\n              \u003C\/div\u003E\n          \u003Cdiv class=\u0022row values\u0022\u003E\n                  \u003Cdiv class=\u0022item-0\u0022\u003E17386\u003C\/div\u003E\n                  \u003Cdiv class=\u0022item-1\u0022\u003EOther upcoming FAI-Sanctioned events (CAT.2)\u003C\/div\u003E\n                  \u003Cdiv class=\u0022item-2\u0022\u003EOpen International - World Cup Event\u003C\/div\u003E\n                  \u003Cdiv class=\u0022item-3\u0022\u003EAeromodelling\u003C\/div\u003E\n                  \u003Cdiv class=\u0022item-4\u0022\u003E\u003Cdiv class=\u0022field field--name-field-discipline-task-list-map field--type-entityreference field--label-hidden\u0022\u003E\u003Cdiv class=\u0022field__items\u0022\u003E\u003Cdiv class=\u0022field__item even\u0022\u003EF3 - Radio Controlled Flight - F3A (RC Aerobatic Aircraft)\u003C\/div\u003E\u003C\/div\u003E\u003C\/div\u003E\u003C\/div\u003E\n                  \u003Cdiv class=\u0022item-5\u0022\u003EChina, CHN\u003C\/div\u003E\n                  \u003Cdiv class=\u0022item-6\u0022\u003E\u003Cdiv class=\u0022date-display-range\u0022\u003E\u003Cdiv class=\u0022date-start\u0022\u003E\u003Cspan class=\u0027day\u0027\u003E07\u003C\/span\u003E \u003Cspan class=\u0027month\u0027\u003EMay\u003C\/span\u003E\u003C\/div\u003E\u003Cspan class=\u0022date-display-to\u0022\u003E - \u003C\/span\u003E\u003Cdiv class=\u0022date-end\u0022\u003E\u003Cspan class=\u0027day\u0027\u003E11\u003C\/span\u003E \u003Cspan class=\u0027month\u0027\u003EMay\u003C\/span\u003E \u003Cspan class=\u0027year\u0027\u003E2025\u003C\/span\u003E\u003C\/div\u003E\u003C\/div\u003E\u003C\/div\u003E\n              \u003C\/div\u003E\n      \u003C\/div\u003E\n  \u003Cdiv data-id-content=\u0022event-organiser\u0022\u003E\n          \u003Cdiv class=\u0022row columns\u0022\u003E\n                  \u003Cdiv class=\u0022item-0\u0022\u003EEvent organiser\u003C\/div\u003E\n                  \u003Cdiv class=\u0022item-1\u0022\u003EContact person\u003C\/div\u003E\n                  \u003Cdiv class=\u0022item-2\u0022\u003EAddress\u003C\/div\u003E\n                  \u003Cdiv class=\u0022item-3\u0022\u003EPhone\u003C\/div\u003E\n                  \u003Cdiv class=\u0022item-4\u0022\u003EFax\u003C\/div\u003E\n                  \u003Cdiv class=\u0022item-5\u0022\u003EEmail\u003C\/div\u003E\n              \u003C\/div\u003E\n          \u003Cdiv class=\u0022row values\u0022\u003E\n                  \u003Cdiv class=\u0022item-0\u0022\u003EASFC\u003C\/div\u003E\n                  \u003Cdiv class=\u0022item-1\u0022\u003ELiu Feng\u003C\/div\u003E\n                  \u003Cdiv class=\u0022item-2\u0022\u003E\u003C\/div\u003E\n                  \u003Cdiv class=\u0022item-3\u0022\u003E\u003C\/div\u003E\n                  \u003Cdiv class=\u0022item-4\u0022\u003E\u003C\/div\u003E\n                  \u003Cdiv class=\u0022item-5\u0022\u003E\u003Ca href=\u0022mailto:278436329@qq.com\u0022\u003E278436329@qq.com\u003C\/a\u003E\u003Cbr \/\u003E\u003Ca href=\u0022mailto:asfcworldcup@163.com\u0022\u003Easfcworldcup@163.com\u003C\/a\u003E\u003C\/div\u003E\n              \u003C\/div\u003E\n      \u003C\/div\u003E\n  \u003Cdiv data-id-content=\u0022fai-member-of-the-organising-country\u0022\u003E\n          \u003Cdiv class=\u0022row columns\u0022\u003E\n                  \u003Cdiv class=\u0022item-0\u0022\u003EName\u003C\/div\u003E\n                  \u003Cdiv class=\u0022item-1\u0022\u003EAddress\u003C\/div\u003E\n                  \u003Cdiv class=\u0022item-2\u0022\u003EPhone\u003C\/div\u003E\n                  \u003Cdiv class=\u0022item-3\u0022\u003EFax\u003C\/div\u003E\n                  \u003Cdiv class=\u0022item-4\u0022\u003EEmail\u003C\/div\u003E\n                  \u003Cdiv class=\u0022item-5\u0022\u003EWebsite\u003C\/div\u003E\n              \u003C\/div\u003E\n          \u003Cdiv class=\u0022row values\u0022\u003E\n                  \u003Cdiv class=\u0022item-0\u0022\u003EAERO SPORTS FEDERATION OF CHINA\u003C\/div\u003E\n                  \u003Cdiv class=\u0022item-1\u0022\u003EZhongqu\u003Cbr \/\u003EA 14, Tiantan Dongli\u003Cbr \/\u003E100061\u003C\/div\u003E\n                  \u003Cdiv class=\u0022item-2\u0022\u003E+86 10 670 52035\u003C\/div\u003E\n                  \u003Cdiv class=\u0022item-3\u0022\u003E+86 106 705 0693\u003C\/div\u003E\n                  \u003Cdiv class=\u0022item-4\u0022\u003E\u003Ca href=\u0022mailto:asfc@olympic.cn\u0022\u003Easfc@olympic.cn\u003C\/a\u003E\u003Cbr \/\u003E\u003Ca href=\u0022mailto:ciaf2009@163.com\u0022\u003Eciaf2009@163.com\u003C\/a\u003E\u003C\/div\u003E\n                  \u003Cdiv class=\u0022item-5\u0022\u003E\u003Ca href=\u0022http:\/\/www.asfc.org.cn\u0022 target=\u0022_blank\u0022\u003Ehttp:\/\/www.asfc.org.cn\u003C\/a\u003E\u003C\/div\u003E\n              \u003C\/div\u003E\n      \u003C\/div\u003E\n\u003C\/div\u003E\n\n    \u003C\/div\u003E\n      \u003C\/div\u003E\n\u003C\/div\u003E\n    \u003C\/div\u003E\n      \u003C\/div\u003E\n\u003C\/div\u003E\n"},{"location":"lat: 50.2007845, lng: 4.1720392","title":"2025 30th F3A Criterium International du Hainaut - Belgium","content":"\u003Ch2\u003E2025 30th F3A Criterium International du Hainaut - Belgium\u003C\/h2\u003E\n\u003Cdiv class=\u0022panelizer-view-mode node node-map node-event node-201136\u0022\u003E\n          \u003Cdiv  class=\u0022penceo-one-column-simple\u0022\u003E\n            \u003Cdiv class=\u0022panel-pane pane-entity-field pane-node-title-field\u0022\u003E\n            \u003Cdiv class=\u0022field field--name-title-field field--type-text field--label-hidden\u0022\u003E\u003Cdiv class=\u0022field__items\u0022\u003E\u003Cdiv class=\u0022field__item even\u0022\u003E\u003Ch3\u003E2025 30th F3A Criterium International du Hainaut - Belgium\u003C\/h3\u003E\n\u003C\/div\u003E\u003C\/div\u003E\u003C\/div\u003E    \u003C\/div\u003E\n\u003Cdiv class=\u0022panel-pane pane-entity-view pane-node\u0022\u003E\n            \u003Cdiv class=\u0022panelizer-view-mode node node-list-details node-event node-201136\u0022\u003E\n          \u003Cdiv  class=\u0022penceo-one-column-simple\u0022\u003E\n            \u003Cdiv class=\u0022panel-pane pane-list-row-controller\u0022\u003E\n            \u003Cul class=\u0022tabs navigation\u0022\u003E\u003Cli class=\u0022information nav active\u0022 data-id=\u0022information\u0022\u003EInformation\u003C\/li\u003E\n\u003Cli class=\u0022event-organiser nav\u0022 data-id=\u0022event-organiser\u0022\u003EEvent organiser\u003C\/li\u003E\n\u003Cli class=\u0022fai-member-of-the-organising-country nav\u0022 data-id=\u0022fai-member-of-the-organising-country\u0022\u003EFAI Member of the Organising Country\u003C\/li\u003E\n\u003C\/ul\u003E\u003Cdiv class=\u0022switchable-contents\u0022\u003E\n  \u003Cdiv data-id-content=\u0022information\u0022 class=\u0022group-content\u0022\u003E\n          \u003Cdiv class=\u0022row columns\u0022\u003E\n                  \u003Cdiv class=\u0022item-0\u0022\u003EEvent ID\u003C\/div\u003E\n                  \u003Cdiv class=\u0022item-1\u0022\u003EEvent classification\u003C\/div\u003E\n                  \u003Cdiv class=\u0022item-2\u0022\u003EType of event\u003C\/div\u003E\n                  \u003Cdiv class=\u0022item-3\u0022\u003ESport\u003C\/div\u003E\n                  \u003Cdiv class=\u0022item-4\u0022\u003EDisciplines \/ Task Styles\u003C\/div\u003E\n                  \u003Cdiv class=\u0022item-5\u0022\u003EPlace\u003C\/div\u003E\n                  \u003Cdiv class=\u0022item-6\u0022\u003EDate(s)\u003C\/div\u003E\n                  \u003Cdiv class=\u0022item-7\u0022\u003EDocuments\/Links\u003C\/div\u003E\n              \u003C\/div\u003E\n          \u003Cdiv class=\u0022row values\u0022\u003E\n                  \u003Cdiv class=\u0022item-0\u0022\u003E17384\u003C\/div\u003E\n                  \u003Cdiv class=\u0022item-1\u0022\u003EOther upcoming FAI-Sanctioned events (CAT.2)\u003C\/div\u003E\n                  \u003Cdiv class=\u0022item-2\u0022\u003EOpen International - World Cup Event\u003C\/div\u003E\n                  \u003Cdiv class=\u0022item-3\u0022\u003EAeromodelling\u003C\/div\u003E\n                  \u003Cdiv class=\u0022item-4\u0022\u003E\u003Cdiv class=\u0022field field--name-field-discipline-task-list-map field--type-entityreference field--label-hidden\u0022\u003E\u003Cdiv class=\u0022field__items\u0022\u003E\u003Cdiv class=\u0022field__item even\u0022\u003EF3 - Radio Controlled Flight - F3A (RC Aerobatic Aircraft)\u003C\/div\u003E\u003C\/div\u003E\u003C\/div\u003E\u003C\/div\u003E\n                  \u003Cdiv class=\u0022item-5\u0022\u003EGrandrieu, BEL\u003C\/div\u003E\n                  \u003Cdiv class=\u0022item-6\u0022\u003E\u003Cdiv class=\u0022date-display-range\u0022\u003E\u003Cdiv class=\u0022date-start\u0022\u003E\u003Cspan class=\u0027day\u0027\u003E24\u003C\/span\u003E \u003Cspan class=\u0027month\u0027\u003EMay\u003C\/span\u003E\u003C\/div\u003E\u003Cspan class=\u0022date-display-to\u0022\u003E - \u003C\/span\u003E\u003Cdiv class=\u0022date-end\u0022\u003E\u003Cspan class=\u0027day\u0027\u003E25\u003C\/span\u003E \u003Cspan class=\u0027month\u0027\u003EMay\u003C\/span\u003E \u003Cspan class=\u0027year\u0027\u003E2025\u003C\/span\u003E\u003C\/div\u003E\u003C\/div\u003EAlternate date(s):\u003Cdiv class=\u0022date-display-range\u0022\u003E\u003Cdiv class=\u0022date-start\u0022\u003E\u003Cspan class=\u0027day\u0027\u003E31\u003C\/span\u003E \u003Cspan class=\u0027month\u0027\u003EMay\u003C\/span\u003E\u003C\/div\u003E\u003Cspan class=\u0022date-display-to\u0022\u003E - \u003C\/span\u003E\u003Cdiv class=\u0022date-end\u0022\u003E\u003Cspan class=\u0027day\u0027\u003E01\u003C\/span\u003E \u003Cspan class=\u0027month\u0027\u003EJun\u003C\/span\u003E \u003Cspan class=\u0027year\u0027\u003E2025\u003C\/span\u003E\u003C\/div\u003E\u003C\/div\u003E\u003C\/div\u003E\n                  \u003Cdiv class=\u0022item-7\u0022\u003E\u003Cdiv class=\u0022pane-go-to-event-button text\u0022\u003E\u003Cdiv class=\u0022external-link-text\u0022\u003E\u003Ca href=\u0022http:\/\/www.aash.be\u0022 target=\u0022_blank\u0022\u003EOrganiser website\u003C\/a\u003E\u003C\/div\u003E\n\u003C\/div\u003E\n\u003C\/div\u003E\n              \u003C\/div\u003E\n      \u003C\/div\u003E\n  \u003Cdiv data-id-content=\u0022event-organiser\u0022\u003E\n          \u003Cdiv class=\u0022row columns\u0022\u003E\n                  \u003Cdiv class=\u0022item-0\u0022\u003EEvent organiser\u003C\/div\u003E\n                  \u003Cdiv class=\u0022item-1\u0022\u003EContact person\u003C\/div\u003E\n                  \u003Cdiv class=\u0022item-2\u0022\u003EAddress\u003C\/div\u003E\n                  \u003Cdiv class=\u0022item-3\u0022\u003EPhone\u003C\/div\u003E\n                  \u003Cdiv class=\u0022item-4\u0022\u003EFax\u003C\/div\u003E\n                  \u003Cdiv class=\u0022item-5\u0022\u003EEmail\u003C\/div\u003E\n              \u003C\/div\u003E\n          \u003Cdiv class=\u0022row values\u0022\u003E\n                  \u003Cdiv class=\u0022item-0\u0022\u003EAssociation A\u00e9romod\u00e9liste du Sud-Hainaut\u003C\/div\u003E\n                  \u003Cdiv class=\u0022item-1\u0022\u003EG\u00e9rard Werion\u003C\/div\u003E\n                  \u003Cdiv class=\u0022item-2\u0022\u003E\u003C\/div\u003E\n                  \u003Cdiv class=\u0022item-3\u0022\u003E+32474012159__\u003C\/div\u003E\n                  \u003Cdiv class=\u0022item-4\u0022\u003E\u003C\/div\u003E\n                  \u003Cdiv class=\u0022item-5\u0022\u003E\u003Ca href=\u0022mailto:werion.gerard@wanadoo.fr\u0022\u003Ewerion.gerard@wanadoo.fr\u003C\/a\u003E\u003C\/div\u003E\n              \u003C\/div\u003E\n      \u003C\/div\u003E\n  \u003Cdiv data-id-content=\u0022fai-member-of-the-organising-country\u0022\u003E\n          \u003Cdiv class=\u0022row columns\u0022\u003E\n                  \u003Cdiv class=\u0022item-0\u0022\u003EName\u003C\/div\u003E\n                  \u003Cdiv class=\u0022item-1\u0022\u003EAddress\u003C\/div\u003E\n                  \u003Cdiv class=\u0022item-2\u0022\u003EPhone\u003C\/div\u003E\n                  \u003Cdiv class=\u0022item-3\u0022\u003EFax\u003C\/div\u003E\n                  \u003Cdiv class=\u0022item-4\u0022\u003EEmail\u003C\/div\u003E\n                  \u003Cdiv class=\u0022item-5\u0022\u003EWebsite\u003C\/div\u003E\n              \u003C\/div\u003E\n          \u003Cdiv class=\u0022row values\u0022\u003E\n                  \u003Cdiv class=\u0022item-0\u0022\u003EBelgische Modelluchtvaart Liga BML vzw\u003C\/div\u003E\n                  \u003Cdiv class=\u0022item-1\u0022\u003ERue Montoyer 1\/29\u003Cbr \/\u003E1000\u003C\/div\u003E\n                  \u003Cdiv class=\u0022item-2\u0022\u003E\u003C\/div\u003E\n                  \u003Cdiv class=\u0022item-3\u0022\u003E\u003C\/div\u003E\n                  \u003Cdiv class=\u0022item-4\u0022\u003E\u003Ca href=\u0022mailto:herzog.albert@proximus.be\u0022\u003Eherzog.albert@proximus.be\u003C\/a\u003E\u003C\/div\u003E\n                  \u003Cdiv class=\u0022item-5\u0022\u003E\u003Ca href=\u0022\/\u0022 target=\u0022_blank\u0022\u003E\u003C\/a\u003E\u003C\/div\u003E\n              \u003C\/div\u003E\n      \u003C\/div\u003E\n\u003C\/div\u003E\n\n    \u003C\/div\u003E\n\u003Cdiv class=\u0022panel-pane pane-go-to-event-button\u0022\u003E\n            \u003Cdiv class=\u0022pane-go-to-event-button\u0022\u003E\u003Cdiv class=\u0022external-link\u0022\u003E\u003Ca href=\u0022http:\/\/www.aash.be\u0022 target=\u0022_blank\u0022\u003E\u003C\/a\u003E\u003C\/div\u003E\n\u003C\/div\u003E\n    \u003C\/div\u003E\n      \u003C\/div\u003E\n\u003C\/div\u003E\n    \u003C\/div\u003E\n      \u003C\/div\u003E\n\u003C\/div\u003E\n"},{"location":"lat: 46.5768093, lng: 13.6058634","title":"2025 World Cup Feistritz\/Gail F3A","content":"\u003Ch2\u003E2025 World Cup Feistritz\/Gail F3A\u003C\/h2\u003E\n\u003Cdiv class=\u0022panelizer-view-mode node node-map node-event node-201135\u0022\u003E\n          \u003Cdiv  class=\u0022penceo-one-column-simple\u0022\u003E\n            \u003Cdiv class=\u0022panel-pane pane-entity-field pane-node-title-field\u0022\u003E\n            \u003Cdiv class=\u0022field field--name-title-field field--type-text field--label-hidden\u0022\u003E\u003Cdiv class=\u0022field__items\u0022\u003E\u003Cdiv class=\u0022field__item even\u0022\u003E\u003Ch3\u003E2025 World Cup Feistritz\/Gail F3A\u003C\/h3\u003E\n\u003C\/div\u003E\u003C\/div\u003E\u003C\/div\u003E    \u003C\/div\u003E\n\u003Cdiv class=\u0022panel-pane pane-entity-view pane-node\u0022\u003E\n            \u003Cdiv class=\u0022panelizer-view-mode node node-list-details node-event node-201135\u0022\u003E\n          \u003Cdiv  class=\u0022penceo-one-column-simple\u0022\u003E\n            \u003Cdiv class=\u0022panel-pane pane-list-row-controller\u0022\u003E\n            \u003Cul class=\u0022tabs navigation\u0022\u003E\u003Cli class=\u0022information nav active\u0022 data-id=\u0022information\u0022\u003EInformation\u003C\/li\u003E\n\u003Cli class=\u0022event-organiser nav\u0022 data-id=\u0022event-organiser\u0022\u003EEvent organiser\u003C\/li\u003E\n\u003Cli class=\u0022fai-member-of-the-organising-country nav\u0022 data-id=\u0022fai-member-of-the-organising-country\u0022\u003EFAI Member of the Organising Country\u003C\/li\u003E\n\u003C\/ul\u003E\u003Cdiv class=\u0022switchable-contents\u0022\u003E\n  \u003Cdiv data-id-content=\u0022information\u0022 class=\u0022group-content\u0022\u003E\n          \u003Cdiv class=\u0022row columns\u0022\u003E\n                  \u003Cdiv class=\u0022item-0\u0022\u003EEvent ID\u003C\/div\u003E\n                  \u003Cdiv class=\u0022item-1\u0022\u003EEvent classification\u003C\/div\u003E\n                  \u003Cdiv class=\u0022item-2\u0022\u003EType of event\u003C\/div\u003E\n                  \u003Cdiv class=\u0022item-3\u0022\u003ESport\u003C\/div\u003E\n                  \u003Cdiv class=\u0022item-4\u0022\u003EDisciplines \/ Task Styles\u003C\/div\u003E\n                  \u003Cdiv class=\u0022item-5\u0022\u003EPlace\u003C\/div\u003E\n                  \u003Cdiv class=\u0022item-6\u0022\u003EDate(s)\u003C\/div\u003E\n                  \u003Cdiv class=\u0022item-7\u0022\u003EDocuments\/Links\u003C\/div\u003E\n              \u003C\/div\u003E\n          \u003Cdiv class=\u0022row values\u0022\u003E\n                  \u003Cdiv class=\u0022item-0\u0022\u003E17389\u003C\/div\u003E\n                  \u003Cdiv class=\u0022item-1\u0022\u003EOther upcoming FAI-Sanctioned events (CAT.2)\u003C\/div\u003E\n                  \u003Cdiv class=\u0022item-2\u0022\u003EOpen International - World Cup Event\u003C\/div\u003E\n                  \u003Cdiv class=\u0022item-3\u0022\u003EAeromodelling\u003C\/div\u003E\n                  \u003Cdiv class=\u0022item-4\u0022\u003E\u003Cdiv class=\u0022field field--name-field-discipline-task-list-map field--type-entityreference field--label-hidden\u0022\u003E\u003Cdiv class=\u0022field__items\u0022\u003E\u003Cdiv class=\u0022field__item even\u0022\u003EF3 - Radio Controlled Flight - F3A (RC Aerobatic Aircraft)\u003C\/div\u003E\u003C\/div\u003E\u003C\/div\u003E\u003C\/div\u003E\n                  \u003Cdiv class=\u0022item-5\u0022\u003EFeistritz \/ Gail, AUT\u003C\/div\u003E\n                  \u003Cdiv class=\u0022item-6\u0022\u003E\u003Cdiv class=\u0022date-display-range\u0022\u003E\u003Cdiv class=\u0022date-start\u0022\u003E\u003Cspan class=\u0027day\u0027\u003E31\u003C\/span\u003E \u003Cspan class=\u0027month\u0027\u003EMay\u003C\/span\u003E\u003C\/div\u003E\u003Cspan class=\u0022date-display-to\u0022\u003E - \u003C\/span\u003E\u003Cdiv class=\u0022date-end\u0022\u003E\u003Cspan class=\u0027day\u0027\u003E01\u003C\/span\u003E \u003Cspan class=\u0027month\u0027\u003EJun\u003C\/span\u003E \u003Cspan class=\u0027year\u0027\u003E2025\u003C\/span\u003E\u003C\/div\u003E\u003C\/div\u003E\u003C\/div\u003E\n                  \u003Cdiv class=\u0022item-7\u0022\u003E\u003Cdiv class=\u0022pane-go-to-event-button text\u0022\u003E\u003Cdiv class=\u0022external-link-text\u0022\u003E\u003Ca href=\u0022https:\/\/www.mfg-feistritz.com\/\u0022 target=\u0022_blank\u0022\u003EOrganiser website\u003C\/a\u003E\u003C\/div\u003E\n\u003C\/div\u003E\n\u003C\/div\u003E\n              \u003C\/div\u003E\n      \u003C\/div\u003E\n  \u003Cdiv data-id-content=\u0022event-organiser\u0022\u003E\n          \u003Cdiv class=\u0022row columns\u0022\u003E\n                  \u003Cdiv class=\u0022item-0\u0022\u003EEvent organiser\u003C\/div\u003E\n                  \u003Cdiv class=\u0022item-1\u0022\u003EContact person\u003C\/div\u003E\n                  \u003Cdiv class=\u0022item-2\u0022\u003EAddress\u003C\/div\u003E\n                  \u003Cdiv class=\u0022item-3\u0022\u003EPhone\u003C\/div\u003E\n                  \u003Cdiv class=\u0022item-4\u0022\u003EFax\u003C\/div\u003E\n                  \u003Cdiv class=\u0022item-5\u0022\u003EEmail\u003C\/div\u003E\n              \u003C\/div\u003E\n          \u003Cdiv class=\u0022row values\u0022\u003E\n                  \u003Cdiv class=\u0022item-0\u0022\u003EMFG Feistritz\/Gail\u003C\/div\u003E\n                  \u003Cdiv class=\u0022item-1\u0022\u003EDietmar Waltritsch\u003C\/div\u003E\n                  \u003Cdiv class=\u0022item-2\u0022\u003E\u003C\/div\u003E\n                  \u003Cdiv class=\u0022item-3\u0022\u003E+436508427903_\u003C\/div\u003E\n                  \u003Cdiv class=\u0022item-4\u0022\u003E\u003C\/div\u003E\n                  \u003Cdiv class=\u0022item-5\u0022\u003E\u003Ca href=\u0022mailto:waltritsch@gmx.at\u0022\u003Ewaltritsch@gmx.at\u003C\/a\u003E\u003C\/div\u003E\n              \u003C\/div\u003E\n      \u003C\/div\u003E\n  \u003Cdiv data-id-content=\u0022fai-member-of-the-organising-country\u0022\u003E\n          \u003Cdiv class=\u0022row columns\u0022\u003E\n                  \u003Cdiv class=\u0022item-0\u0022\u003EName\u003C\/div\u003E\n                  \u003Cdiv class=\u0022item-1\u0022\u003EAddress\u003C\/div\u003E\n                  \u003Cdiv class=\u0022item-2\u0022\u003EPhone\u003C\/div\u003E\n                  \u003Cdiv class=\u0022item-3\u0022\u003EFax\u003C\/div\u003E\n                  \u003Cdiv class=\u0022item-4\u0022\u003EEmail\u003C\/div\u003E\n                  \u003Cdiv class=\u0022item-5\u0022\u003EWebsite\u003C\/div\u003E\n              \u003C\/div\u003E\n          \u003Cdiv class=\u0022row values\u0022\u003E\n                  \u003Cdiv class=\u0022item-0\u0022\u003E\u00d6STERREICHISCHER AERO CLUB\u003C\/div\u003E\n                  \u003Cdiv class=\u0022item-1\u0022\u003EPrinz Eugen-Strasse 12\u003Cbr \/\u003E1040\u003C\/div\u003E\n                  \u003Cdiv class=\u0022item-2\u0022\u003E+43 (1) 505 10 28\u003C\/div\u003E\n                  \u003Cdiv class=\u0022item-3\u0022\u003E\u003C\/div\u003E\n                  \u003Cdiv class=\u0022item-4\u0022\u003E\u003Ca href=\u0022mailto:office@aeroclub.at\u0022\u003Eoffice@aeroclub.at\u003C\/a\u003E\u003Cbr \/\u003E\u003Ca href=\u0022mailto:fallmann.gabriela@aeroclub.at\u0022\u003Efallmann.gabriela@aeroclub.at\u003C\/a\u003E\u003C\/div\u003E\n                  \u003Cdiv class=\u0022item-5\u0022\u003E\u003Ca href=\u0022http:\/\/www.aeroclub.at\u0022 target=\u0022_blank\u0022\u003Ehttp:\/\/www.aeroclub.at\u003C\/a\u003E\u003C\/div\u003E\n              \u003C\/div\u003E\n      \u003C\/div\u003E\n\u003C\/div\u003E\n\n    \u003C\/div\u003E\n\u003Cdiv class=\u0022panel-pane pane-go-to-event-button\u0022\u003E\n            \u003Cdiv class=\u0022pane-go-to-event-button\u0022\u003E\u003Cdiv class=\u0022external-link\u0022\u003E\u003Ca href=\u0022https:\/\/www.mfg-feistritz.com\/\u0022 target=\u0022_blank\u0022\u003E\u003C\/a\u003E\u003C\/div\u003E\n\u003C\/div\u003E\n    \u003C\/div\u003E\n      \u003C\/div\u003E\n\u003C\/div\u003E\n    \u003C\/div\u003E\n      \u003C\/div\u003E\n\u003C\/div\u003E\n"},{"location":"lat: 48.46051, lng: 13.43268","title":"2025 54. Innviertler Wanderpokal F3A","content":"\u003Ch2\u003E2025 54. Innviertler Wanderpokal F3A\u003C\/h2\u003E\n\u003Cdiv class=\u0022panelizer-view-mode node node-map node-event node-201134\u0022\u003E\n          \u003Cdiv  class=\u0022penceo-one-column-simple\u0022\u003E\n            \u003Cdiv class=\u0022panel-pane pane-entity-field pane-node-title-field\u0022\u003E\n            \u003Cdiv class=\u0022field field--name-title-field field--type-text field--label-hidden\u0022\u003E\u003Cdiv class=\u0022field__items\u0022\u003E\u003Cdiv class=\u0022field__item even\u0022\u003E\u003Ch3\u003E2025 54. Innviertler Wanderpokal F3A\u003C\/h3\u003E\n\u003C\/div\u003E\u003C\/div\u003E\u003C\/div\u003E    \u003C\/div\u003E\n\u003Cdiv class=\u0022panel-pane pane-entity-view pane-node\u0022\u003E\n            \u003Cdiv class=\u0022panelizer-view-mode node node-list-details node-event node-201134\u0022\u003E\n          \u003Cdiv  class=\u0022penceo-one-column-simple\u0022\u003E\n            \u003Cdiv class=\u0022panel-pane pane-list-row-controller\u0022\u003E\n            \u003Cul class=\u0022tabs navigation\u0022\u003E\u003Cli class=\u0022information nav active\u0022 data-id=\u0022information\u0022\u003EInformation\u003C\/li\u003E\n\u003Cli class=\u0022event-organiser nav\u0022 data-id=\u0022event-organiser\u0022\u003EEvent organiser\u003C\/li\u003E\n\u003Cli class=\u0022fai-member-of-the-organising-country nav\u0022 data-id=\u0022fai-member-of-the-organising-country\u0022\u003EFAI Member of the Organising Country\u003C\/li\u003E\n\u003C\/ul\u003E\u003Cdiv class=\u0022switchable-contents\u0022\u003E\n  \u003Cdiv data-id-content=\u0022information\u0022 class=\u0022group-content\u0022\u003E\n          \u003Cdiv class=\u0022row columns\u0022\u003E\n                  \u003Cdiv class=\u0022item-0\u0022\u003EEvent ID\u003C\/div\u003E\n                  \u003Cdiv class=\u0022item-1\u0022\u003EEvent classification\u003C\/div\u003E\n                  \u003Cdiv class=\u0022item-2\u0022\u003EType of event\u003C\/div\u003E\n                  \u003Cdiv class=\u0022item-3\u0022\u003ESport\u003C\/div\u003E\n                  \u003Cdiv class=\u0022item-4\u0022\u003EDisciplines \/ Task Styles\u003C\/div\u003E\n                  \u003Cdiv class=\u0022item-5\u0022\u003EPlace\u003C\/div\u003E\n                  \u003Cdiv class=\u0022item-6\u0022\u003EDate(s)\u003C\/div\u003E\n                  \u003Cdiv class=\u0022item-7\u0022\u003EDocuments\/Links\u003C\/div\u003E\n              \u003C\/div\u003E\n          \u003Cdiv class=\u0022row values\u0022\u003E\n                  \u003Cdiv class=\u0022item-0\u0022\u003E17388\u003C\/div\u003E\n                  \u003Cdiv class=\u0022item-1\u0022\u003EOther upcoming FAI-Sanctioned events (CAT.2)\u003C\/div\u003E\n                  \u003Cdiv class=\u0022item-2\u0022\u003EOpen International - World Cup Event\u003C\/div\u003E\n                  \u003Cdiv class=\u0022item-3\u0022\u003EAeromodelling\u003C\/div\u003E\n                  \u003Cdiv class=\u0022item-4\u0022\u003E\u003Cdiv class=\u0022field field--name-field-discipline-task-list-map field--type-entityreference field--label-hidden\u0022\u003E\u003Cdiv class=\u0022field__items\u0022\u003E\u003Cdiv class=\u0022field__item even\u0022\u003EF3 - Radio Controlled Flight - F3A (RC Aerobatic Aircraft)\u003C\/div\u003E\u003C\/div\u003E\u003C\/div\u003E\u003C\/div\u003E\n                  \u003Cdiv class=\u0022item-5\u0022\u003ESchaerding, AUT\u003C\/div\u003E\n                  \u003Cdiv class=\u0022item-6\u0022\u003E\u003Cdiv class=\u0022date-display-range\u0022\u003E\u003Cdiv class=\u0022date-start\u0022\u003E\u003Cspan class=\u0027day\u0027\u003E07\u003C\/span\u003E \u003Cspan class=\u0027month\u0027\u003EJun\u003C\/span\u003E\u003C\/div\u003E\u003Cspan class=\u0022date-display-to\u0022\u003E - \u003C\/span\u003E\u003Cdiv class=\u0022date-end\u0022\u003E\u003Cspan class=\u0027day\u0027\u003E08\u003C\/span\u003E \u003Cspan class=\u0027month\u0027\u003EJun\u003C\/span\u003E \u003Cspan class=\u0027year\u0027\u003E2025\u003C\/span\u003E\u003C\/div\u003E\u003C\/div\u003E\u003C\/div\u003E\n                  \u003Cdiv class=\u0022item-7\u0022\u003E\u003Cdiv class=\u0022pane-go-to-event-button text\u0022\u003E\u003Cdiv class=\u0022external-link-text\u0022\u003E\u003Ca href=\u0022https:\/\/www.modellflug-schaerding.at\u0022 target=\u0022_blank\u0022\u003EOrganiser website\u003C\/a\u003E\u003C\/div\u003E\n\u003C\/div\u003E\n\u003C\/div\u003E\n              \u003C\/div\u003E\n      \u003C\/div\u003E\n  \u003Cdiv data-id-content=\u0022event-organiser\u0022\u003E\n          \u003Cdiv class=\u0022row columns\u0022\u003E\n                  \u003Cdiv class=\u0022item-0\u0022\u003EEvent organiser\u003C\/div\u003E\n                  \u003Cdiv class=\u0022item-1\u0022\u003EContact person\u003C\/div\u003E\n                  \u003Cdiv class=\u0022item-2\u0022\u003EAddress\u003C\/div\u003E\n                  \u003Cdiv class=\u0022item-3\u0022\u003EPhone\u003C\/div\u003E\n                  \u003Cdiv class=\u0022item-4\u0022\u003EFax\u003C\/div\u003E\n                  \u003Cdiv class=\u0022item-5\u0022\u003EEmail\u003C\/div\u003E\n              \u003C\/div\u003E\n          \u003Cdiv class=\u0022row values\u0022\u003E\n                  \u003Cdiv class=\u0022item-0\u0022\u003EUMFS-Sch\u00e4rding\u003C\/div\u003E\n                  \u003Cdiv class=\u0022item-1\u0022\u003EGerald Schmiedbauer\u003C\/div\u003E\n                  \u003Cdiv class=\u0022item-2\u0022\u003E\u003C\/div\u003E\n                  \u003Cdiv class=\u0022item-3\u0022\u003E+436763126879_\u003C\/div\u003E\n                  \u003Cdiv class=\u0022item-4\u0022\u003E\u003C\/div\u003E\n                  \u003Cdiv class=\u0022item-5\u0022\u003E\u003Ca href=\u0022mailto:gerald.schmiedbauer@aon.at\u0022\u003Egerald.schmiedbauer@aon.at\u003C\/a\u003E\u003C\/div\u003E\n              \u003C\/div\u003E\n      \u003C\/div\u003E\n  \u003Cdiv data-id-content=\u0022fai-member-of-the-organising-country\u0022\u003E\n          \u003Cdiv class=\u0022row columns\u0022\u003E\n                  \u003Cdiv class=\u0022item-0\u0022\u003EName\u003C\/div\u003E\n                  \u003Cdiv class=\u0022item-1\u0022\u003EAddress\u003C\/div\u003E\n                  \u003Cdiv class=\u0022item-2\u0022\u003EPhone\u003C\/div\u003E\n                  \u003Cdiv class=\u0022item-3\u0022\u003EFax\u003C\/div\u003E\n                  \u003Cdiv class=\u0022item-4\u0022\u003EEmail\u003C\/div\u003E\n                  \u003Cdiv class=\u0022item-5\u0022\u003EWebsite\u003C\/div\u003E\n              \u003C\/div\u003E\n          \u003Cdiv class=\u0022row values\u0022\u003E\n                  \u003Cdiv class=\u0022item-0\u0022\u003E\u00d6STERREICHISCHER AERO CLUB\u003C\/div\u003E\n                  \u003Cdiv class=\u0022item-1\u0022\u003EPrinz Eugen-Strasse 12\u003Cbr \/\u003E1040\u003C\/div\u003E\n                  \u003Cdiv class=\u0022item-2\u0022\u003E+43 (1) 505 10 28\u003C\/div\u003E\n                  \u003Cdiv class=\u0022item-3\u0022\u003E\u003C\/div\u003E\n                  \u003Cdiv class=\u0022item-4\u0022\u003E\u003Ca href=\u0022mailto:office@aeroclub.at\u0022\u003Eoffice@aeroclub.at\u003C\/a\u003E\u003Cbr \/\u003E\u003Ca href=\u0022mailto:fallmann.gabriela@aeroclub.at\u0022\u003Efallmann.gabriela@aeroclub.at\u003C\/a\u003E\u003C\/div\u003E\n                  \u003Cdiv class=\u0022item-5\u0022\u003E\u003Ca href=\u0022http:\/\/www.aeroclub.at\u0022 target=\u0022_blank\u0022\u003Ehttp:\/\/www.aeroclub.at\u003C\/a\u003E\u003C\/div\u003E\n              \u003C\/div\u003E\n      \u003C\/div\u003E\n\u003C\/div\u003E\n\n    \u003C\/div\u003E\n\u003Cdiv class=\u0022panel-pane pane-go-to-event-button\u0022\u003E\n            \u003Cdiv class=\u0022pane-go-to-event-button\u0022\u003E\u003Cdiv class=\u0022external-link\u0022\u003E\u003Ca href=\u0022https:\/\/www.modellflug-schaerding.at\u0022 target=\u0022_blank\u0022\u003E\u003C\/a\u003E\u003C\/div\u003E\n\u003C\/div\u003E\n    \u003C\/div\u003E\n      \u003C\/div\u003E\n\u003C\/div\u003E\n    \u003C\/div\u003E\n      \u003C\/div\u003E\n\u003C\/div\u003E\n"},{"location":"lat: 52.794345, lng: -0.69802","title":"2025 F3A World Cup Competition","content":"\u003Ch2\u003E2025 F3A World Cup Competition\u003C\/h2\u003E\n\u003Cdiv class=\u0022panelizer-view-mode node node-map node-event node-201174\u0022\u003E\n          \u003Cdiv  class=\u0022penceo-one-column-simple\u0022\u003E\n            \u003Cdiv class=\u0022panel-pane pane-entity-field pane-node-title-field\u0022\u003E\n            \u003Cdiv class=\u0022field field--name-title-field field--type-text field--label-hidden\u0022\u003E\u003Cdiv class=\u0022field__items\u0022\u003E\u003Cdiv class=\u0022field__item even\u0022\u003E\u003Ch3\u003E2025 F3A World Cup Competition\u003C\/h3\u003E\n\u003C\/div\u003E\u003C\/div\u003E\u003C\/div\u003E    \u003C\/div\u003E\n\u003Cdiv class=\u0022panel-pane pane-entity-view pane-node\u0022\u003E\n            \u003Cdiv class=\u0022panelizer-view-mode node node-list-details node-event node-201174\u0022\u003E\n          \u003Cdiv  class=\u0022penceo-one-column-simple\u0022\u003E\n            \u003Cdiv class=\u0022panel-pane pane-list-row-controller\u0022\u003E\n            \u003Cul class=\u0022tabs navigation\u0022\u003E\u003Cli class=\u0022information nav active\u0022 data-id=\u0022information\u0022\u003EInformation\u003C\/li\u003E\n\u003Cli class=\u0022event-organiser nav\u0022 data-id=\u0022event-organiser\u0022\u003EEvent organiser\u003C\/li\u003E\n\u003Cli class=\u0022fai-member-of-the-organising-country nav\u0022 data-id=\u0022fai-member-of-the-organising-country\u0022\u003EFAI Member of the Organising Country\u003C\/li\u003E\n\u003C\/ul\u003E\u003Cdiv class=\u0022switchable-contents\u0022\u003E\n  \u003Cdiv data-id-content=\u0022information\u0022 class=\u0022group-content\u0022\u003E\n          \u003Cdiv class=\u0022row columns\u0022\u003E\n                  \u003Cdiv class=\u0022item-0\u0022\u003EEvent ID\u003C\/div\u003E\n                  \u003Cdiv class=\u0022item-1\u0022\u003EEvent classification\u003C\/div\u003E\n                  \u003Cdiv class=\u0022item-2\u0022\u003EType of event\u003C\/div\u003E\n                  \u003Cdiv class=\u0022item-3\u0022\u003ESport\u003C\/div\u003E\n                  \u003Cdiv class=\u0022item-4\u0022\u003EDisciplines \/ Task Styles\u003C\/div\u003E\n                  \u003Cdiv class=\u0022item-5\u0022\u003EPlace\u003C\/div\u003E\n                  \u003Cdiv class=\u0022item-6\u0022\u003EDate(s)\u003C\/div\u003E\n              \u003C\/div\u003E\n          \u003Cdiv class=\u0022row values\u0022\u003E\n                  \u003Cdiv class=\u0022item-0\u0022\u003E17416\u003C\/div\u003E\n                  \u003Cdiv class=\u0022item-1\u0022\u003EOther upcoming FAI-Sanctioned events (CAT.2)\u003C\/div\u003E\n                  \u003Cdiv class=\u0022item-2\u0022\u003EOpen International - World Cup Event\u003C\/div\u003E\n                  \u003Cdiv class=\u0022item-3\u0022\u003EAeromodelling\u003C\/div\u003E\n                  \u003Cdiv class=\u0022item-4\u0022\u003E\u003Cdiv class=\u0022field field--name-field-discipline-task-list-map field--type-entityreference field--label-hidden\u0022\u003E\u003Cdiv class=\u0022field__items\u0022\u003E\u003Cdiv class=\u0022field__item even\u0022\u003EF3 - Radio Controlled Flight - F3A (RC Aerobatic Aircraft)\u003C\/div\u003E\u003C\/div\u003E\u003C\/div\u003E\u003C\/div\u003E\n                  \u003Cdiv class=\u0022item-5\u0022\u003EBuckminster, GBR\u003C\/div\u003E\n                  \u003Cdiv class=\u0022item-6\u0022\u003E\u003Cdiv class=\u0022date-display-range\u0022\u003E\u003Cdiv class=\u0022date-start\u0022\u003E\u003Cspan class=\u0027day\u0027\u003E07\u003C\/span\u003E \u003Cspan class=\u0027month\u0027\u003EJun\u003C\/span\u003E\u003C\/div\u003E\u003Cspan class=\u0022date-display-to\u0022\u003E - \u003C\/span\u003E\u003Cdiv class=\u0022date-end\u0022\u003E\u003Cspan class=\u0027day\u0027\u003E08\u003C\/span\u003E \u003Cspan class=\u0027month\u0027\u003EJun\u003C\/span\u003E \u003Cspan class=\u0027year\u0027\u003E2025\u003C\/span\u003E\u003C\/div\u003E\u003C\/div\u003E\u003C\/div\u003E\n              \u003C\/div\u003E\n      \u003C\/div\u003E\n  \u003Cdiv data-id-content=\u0022event-organiser\u0022\u003E\n          \u003Cdiv class=\u0022row columns\u0022\u003E\n                  \u003Cdiv class=\u0022item-0\u0022\u003EEvent organiser\u003C\/div\u003E\n                  \u003Cdiv class=\u0022item-1\u0022\u003EContact person\u003C\/div\u003E\n                  \u003Cdiv class=\u0022item-2\u0022\u003EAddress\u003C\/div\u003E\n                  \u003Cdiv class=\u0022item-3\u0022\u003EPhone\u003C\/div\u003E\n                  \u003Cdiv class=\u0022item-4\u0022\u003EFax\u003C\/div\u003E\n                  \u003Cdiv class=\u0022item-5\u0022\u003EEmail\u003C\/div\u003E\n              \u003C\/div\u003E\n          \u003Cdiv class=\u0022row values\u0022\u003E\n                  \u003Cdiv class=\u0022item-0\u0022\u003EBMFA F3A\u003C\/div\u003E\n                  \u003Cdiv class=\u0022item-1\u0022\u003EKevin Caton\u003C\/div\u003E\n                  \u003Cdiv class=\u0022item-2\u0022\u003E\u003C\/div\u003E\n                  \u003Cdiv class=\u0022item-3\u0022\u003E+447805347627_\u003C\/div\u003E\n                  \u003Cdiv class=\u0022item-4\u0022\u003E\u003C\/div\u003E\n                  \u003Cdiv class=\u0022item-5\u0022\u003E\u003Ca href=\u0022mailto:kevin.caton@btinternet.com\u0022\u003Ekevin.caton@btinternet.com\u003C\/a\u003E\u003C\/div\u003E\n              \u003C\/div\u003E\n      \u003C\/div\u003E\n  \u003Cdiv data-id-content=\u0022fai-member-of-the-organising-country\u0022\u003E\n          \u003Cdiv class=\u0022row columns\u0022\u003E\n                  \u003Cdiv class=\u0022item-0\u0022\u003EName\u003C\/div\u003E\n                  \u003Cdiv class=\u0022item-1\u0022\u003EAddress\u003C\/div\u003E\n                  \u003Cdiv class=\u0022item-2\u0022\u003EPhone\u003C\/div\u003E\n                  \u003Cdiv class=\u0022item-3\u0022\u003EFax\u003C\/div\u003E\n                  \u003Cdiv class=\u0022item-4\u0022\u003EEmail\u003C\/div\u003E\n                  \u003Cdiv class=\u0022item-5\u0022\u003EWebsite\u003C\/div\u003E\n              \u003C\/div\u003E\n          \u003Cdiv class=\u0022row values\u0022\u003E\n                  \u003Cdiv class=\u0022item-0\u0022\u003EBritish Model Flying Association\u003C\/div\u003E\n                  \u003Cdiv class=\u0022item-1\u0022\u003E31 St. Andrew\u0027s Road\u003Cbr \/\u003EChacksfield House\u003Cbr \/\u003ELE2 8RE\u003C\/div\u003E\n                  \u003Cdiv class=\u0022item-2\u0022\u003E+44-116-244 00 28\u003C\/div\u003E\n                  \u003Cdiv class=\u0022item-3\u0022\u003E+44-116-244 06 45\u003C\/div\u003E\n                  \u003Cdiv class=\u0022item-4\u0022\u003E\u003Ca href=\u0022mailto:admin@bmfa.org\u0022\u003Eadmin@bmfa.org\u003C\/a\u003E\u003C\/div\u003E\n                  \u003Cdiv class=\u0022item-5\u0022\u003E\u003Ca href=\u0022http:\/\/www.bmfa.org\/\u0022 target=\u0022_blank\u0022\u003Ehttp:\/\/www.bmfa.org\/\u003C\/a\u003E\u003C\/div\u003E\n              \u003C\/div\u003E\n      \u003C\/div\u003E\n\u003C\/div\u003E\n\n    \u003C\/div\u003E\n      \u003C\/div\u003E\n\u003C\/div\u003E\n    \u003C\/div\u003E\n      \u003C\/div\u003E\n\u003C\/div\u003E\n"},{"location":"lat: 47.123434, lng: -0.991415","title":"2025 IWCT : International West Coast Tournament - Pre European 2026","content":"\u003Ch2\u003E2025 IWCT : International West Coast Tournament - Pre European 2026\u003C\/h2\u003E\n\u003Cdiv class=\u0022panelizer-view-mode node node-map node-event node-201132\u0022\u003E\n          \u003Cdiv  class=\u0022penceo-one-column-simple\u0022\u003E\n            \u003Cdiv class=\u0022panel-pane pane-entity-field pane-node-title-field\u0022\u003E\n            \u003Cdiv class=\u0022field field--name-title-field field--type-text field--label-hidden\u0022\u003E\u003Cdiv class=\u0022field__items\u0022\u003E\u003Cdiv class=\u0022field__item even\u0022\u003E\u003Ch3\u003E2025 IWCT : International West Coast Tournament - Pre European 2026\u003C\/h3\u003E\n\u003C\/div\u003E\u003C\/div\u003E\u003C\/div\u003E    \u003C\/div\u003E\n\u003Cdiv class=\u0022panel-pane pane-entity-view pane-node\u0022\u003E\n            \u003Cdiv class=\u0022panelizer-view-mode node node-list-details node-event node-201132\u0022\u003E\n          \u003Cdiv  class=\u0022penceo-one-column-simple\u0022\u003E\n            \u003Cdiv class=\u0022panel-pane pane-list-row-controller\u0022\u003E\n            \u003Cul class=\u0022tabs navigation\u0022\u003E\u003Cli class=\u0022information nav active\u0022 data-id=\u0022information\u0022\u003EInformation\u003C\/li\u003E\n\u003Cli class=\u0022event-organiser nav\u0022 data-id=\u0022event-organiser\u0022\u003EEvent organiser\u003C\/li\u003E\n\u003Cli class=\u0022fai-member-of-the-organising-country nav\u0022 data-id=\u0022fai-member-of-the-organising-country\u0022\u003EFAI Member of the Organising Country\u003C\/li\u003E\n\u003C\/ul\u003E\u003Cdiv class=\u0022switchable-contents\u0022\u003E\n  \u003Cdiv data-id-content=\u0022information\u0022 class=\u0022group-content\u0022\u003E\n          \u003Cdiv class=\u0022row columns\u0022\u003E\n                  \u003Cdiv class=\u0022item-0\u0022\u003EEvent ID\u003C\/div\u003E\n                  \u003Cdiv class=\u0022item-1\u0022\u003EEvent classification\u003C\/div\u003E\n                  \u003Cdiv class=\u0022item-2\u0022\u003EType of event\u003C\/div\u003E\n                  \u003Cdiv class=\u0022item-3\u0022\u003ESport\u003C\/div\u003E\n                  \u003Cdiv class=\u0022item-4\u0022\u003EDisciplines \/ Task Styles\u003C\/div\u003E\n                  \u003Cdiv class=\u0022item-5\u0022\u003EPlace\u003C\/div\u003E\n                  \u003Cdiv class=\u0022item-6\u0022\u003EDate(s)\u003C\/div\u003E\n                  \u003Cdiv class=\u0022item-7\u0022\u003EDocuments\/Links\u003C\/div\u003E\n              \u003C\/div\u003E\n          \u003Cdiv class=\u0022row values\u0022\u003E\n                  \u003Cdiv class=\u0022item-0\u0022\u003E17393\u003C\/div\u003E\n                  \u003Cdiv class=\u0022item-1\u0022\u003EOther upcoming FAI-Sanctioned events (CAT.2)\u003C\/div\u003E\n                  \u003Cdiv class=\u0022item-2\u0022\u003EOpen International - World Cup Event\u003C\/div\u003E\n                  \u003Cdiv class=\u0022item-3\u0022\u003EAeromodelling\u003C\/div\u003E\n                  \u003Cdiv class=\u0022item-4\u0022\u003E\u003Cdiv class=\u0022field field--name-field-discipline-task-list-map field--type-entityreference field--label-hidden\u0022\u003E\u003Cdiv class=\u0022field__items\u0022\u003E\u003Cdiv class=\u0022field__item even\u0022\u003EF3 - Radio Controlled Flight - F3A (RC Aerobatic Aircraft)\u003C\/div\u003E\u003C\/div\u003E\u003C\/div\u003E\u003C\/div\u003E\n                  \u003Cdiv class=\u0022item-5\u0022\u003ESaint Macaire en Mauges, FRA\u003C\/div\u003E\n                  \u003Cdiv class=\u0022item-6\u0022\u003E\u003Cdiv class=\u0022date-display-range\u0022\u003E\u003Cdiv class=\u0022date-start\u0022\u003E\u003Cspan class=\u0027day\u0027\u003E14\u003C\/span\u003E \u003Cspan class=\u0027month\u0027\u003EJun\u003C\/span\u003E\u003C\/div\u003E\u003Cspan class=\u0022date-display-to\u0022\u003E - \u003C\/span\u003E\u003Cdiv class=\u0022date-end\u0022\u003E\u003Cspan class=\u0027day\u0027\u003E15\u003C\/span\u003E \u003Cspan class=\u0027month\u0027\u003EJun\u003C\/span\u003E \u003Cspan class=\u0027year\u0027\u003E2025\u003C\/span\u003E\u003C\/div\u003E\u003C\/div\u003E\u003C\/div\u003E\n                  \u003Cdiv class=\u0022item-7\u0022\u003E\u003Cdiv class=\u0022pane-go-to-event-button text\u0022\u003E\u003Cdiv class=\u0022external-link-text\u0022\u003E\u003Ca href=\u0022https:\/\/contactram49.wixsite.com\/aeromodelisme49\u0022 target=\u0022_blank\u0022\u003EOrganiser website\u003C\/a\u003E\u003C\/div\u003E\n\u003C\/div\u003E\n\u003C\/div\u003E\n              \u003C\/div\u003E\n      \u003C\/div\u003E\n  \u003Cdiv data-id-content=\u0022event-organiser\u0022\u003E\n          \u003Cdiv class=\u0022row columns\u0022\u003E\n                  \u003Cdiv class=\u0022item-0\u0022\u003EEvent organiser\u003C\/div\u003E\n                  \u003Cdiv class=\u0022item-1\u0022\u003EContact person\u003C\/div\u003E\n                  \u003Cdiv class=\u0022item-2\u0022\u003EAddress\u003C\/div\u003E\n                  \u003Cdiv class=\u0022item-3\u0022\u003EPhone\u003C\/div\u003E\n                  \u003Cdiv class=\u0022item-4\u0022\u003EFax\u003C\/div\u003E\n                  \u003Cdiv class=\u0022item-5\u0022\u003EEmail\u003C\/div\u003E\n              \u003C\/div\u003E\n          \u003Cdiv class=\u0022row values\u0022\u003E\n                  \u003Cdiv class=\u0022item-0\u0022\u003ERadiocommande A\u00e9ronautique des Mauges\u003C\/div\u003E\n                  \u003Cdiv class=\u0022item-1\u0022\u003EArnaud BOSSARD\u003C\/div\u003E\n                  \u003Cdiv class=\u0022item-2\u0022\u003E\u003C\/div\u003E\n                  \u003Cdiv class=\u0022item-3\u0022\u003E+33760160715__\u003C\/div\u003E\n                  \u003Cdiv class=\u0022item-4\u0022\u003E\u003C\/div\u003E\n                  \u003Cdiv class=\u0022item-5\u0022\u003E\u003Ca href=\u0022mailto:bossardar@wanadoo.fr\u0022\u003Ebossardar@wanadoo.fr\u003C\/a\u003E\u003C\/div\u003E\n              \u003C\/div\u003E\n      \u003C\/div\u003E\n  \u003Cdiv data-id-content=\u0022fai-member-of-the-organising-country\u0022\u003E\n          \u003Cdiv class=\u0022row columns\u0022\u003E\n                  \u003Cdiv class=\u0022item-0\u0022\u003EName\u003C\/div\u003E\n                  \u003Cdiv class=\u0022item-1\u0022\u003EAddress\u003C\/div\u003E\n                  \u003Cdiv class=\u0022item-2\u0022\u003EPhone\u003C\/div\u003E\n                  \u003Cdiv class=\u0022item-3\u0022\u003EFax\u003C\/div\u003E\n                  \u003Cdiv class=\u0022item-4\u0022\u003EEmail\u003C\/div\u003E\n                  \u003Cdiv class=\u0022item-5\u0022\u003EWebsite\u003C\/div\u003E\n              \u003C\/div\u003E\n          \u003Cdiv class=\u0022row values\u0022\u003E\n                  \u003Cdiv class=\u0022item-0\u0022\u003EF\u00e9d\u00e9ration Fran\u00e7aise d\u0027A\u00e9romod\u00e9lisme\u003C\/div\u003E\n                  \u003Cdiv class=\u0022item-1\u0022\u003E108 D, rue de Saint-Maur\u003Cbr \/\u003E75011\u003C\/div\u003E\n                  \u003Cdiv class=\u0022item-2\u0022\u003E+33 1 43 55 82 03\u003C\/div\u003E\n                  \u003Cdiv class=\u0022item-3\u0022\u003E+33 1 43 55 79 93\u003C\/div\u003E\n                  \u003Cdiv class=\u0022item-4\u0022\u003E\u003Ca href=\u0022mailto:ffam@ffam.asso.fr\u0022\u003Effam@ffam.asso.fr\u003C\/a\u003E\u003C\/div\u003E\n                  \u003Cdiv class=\u0022item-5\u0022\u003E\u003Ca href=\u0022http:\/\/www.ffam.asso.fr\/\u0022 target=\u0022_blank\u0022\u003Ehttp:\/\/www.ffam.asso.fr\/\u003C\/a\u003E\u003C\/div\u003E\n              \u003C\/div\u003E\n      \u003C\/div\u003E\n\u003C\/div\u003E\n\n    \u003C\/div\u003E\n\u003Cdiv class=\u0022panel-pane pane-go-to-event-button\u0022\u003E\n            \u003Cdiv class=\u0022pane-go-to-event-button\u0022\u003E\u003Cdiv class=\u0022external-link\u0022\u003E\u003Ca href=\u0022https:\/\/contactram49.wixsite.com\/aeromodelisme49\u0022 target=\u0022_blank\u0022\u003E\u003C\/a\u003E\u003C\/div\u003E\n\u003C\/div\u003E\n    \u003C\/div\u003E\n      \u003C\/div\u003E\n\u003C\/div\u003E\n    \u003C\/div\u003E\n      \u003C\/div\u003E\n\u003C\/div\u003E\n"},{"location":"lat: 51.7611801, lng: 5.5140482","title":"2025 11th F3A Lowland Cup","content":"\u003Ch2\u003E2025 11th F3A Lowland Cup\u003C\/h2\u003E\n\u003Cdiv class=\u0022panelizer-view-mode node node-map node-event node-201131\u0022\u003E\n          \u003Cdiv  class=\u0022penceo-one-column-simple\u0022\u003E\n            \u003Cdiv class=\u0022panel-pane pane-entity-field pane-node-title-field\u0022\u003E\n            \u003Cdiv class=\u0022field field--name-title-field field--type-text field--label-hidden\u0022\u003E\u003Cdiv class=\u0022field__items\u0022\u003E\u003Cdiv class=\u0022field__item even\u0022\u003E\u003Ch3\u003E2025 11th F3A Lowland Cup\u003C\/h3\u003E\n\u003C\/div\u003E\u003C\/div\u003E\u003C\/div\u003E    \u003C\/div\u003E\n\u003Cdiv class=\u0022panel-pane pane-entity-view pane-node\u0022\u003E\n            \u003Cdiv class=\u0022panelizer-view-mode node node-list-details node-event node-201131\u0022\u003E\n          \u003Cdiv  class=\u0022penceo-one-column-simple\u0022\u003E\n            \u003Cdiv class=\u0022panel-pane pane-list-row-controller\u0022\u003E\n            \u003Cul class=\u0022tabs navigation\u0022\u003E\u003Cli class=\u0022information nav active\u0022 data-id=\u0022information\u0022\u003EInformation\u003C\/li\u003E\n\u003Cli class=\u0022event-organiser nav\u0022 data-id=\u0022event-organiser\u0022\u003EEvent organiser\u003C\/li\u003E\n\u003Cli class=\u0022fai-member-of-the-organising-country nav\u0022 data-id=\u0022fai-member-of-the-organising-country\u0022\u003EFAI Member of the Organising Country\u003C\/li\u003E\n\u003C\/ul\u003E\u003Cdiv class=\u0022switchable-contents\u0022\u003E\n  \u003Cdiv data-id-content=\u0022information\u0022 class=\u0022group-content\u0022\u003E\n          \u003Cdiv class=\u0022row columns\u0022\u003E\n                  \u003Cdiv class=\u0022item-0\u0022\u003EEvent ID\u003C\/div\u003E\n                  \u003Cdiv class=\u0022item-1\u0022\u003EEvent classification\u003C\/div\u003E\n                  \u003Cdiv class=\u0022item-2\u0022\u003EType of event\u003C\/div\u003E\n                  \u003Cdiv class=\u0022item-3\u0022\u003ESport\u003C\/div\u003E\n                  \u003Cdiv class=\u0022item-4\u0022\u003EDisciplines \/ Task Styles\u003C\/div\u003E\n                  \u003Cdiv class=\u0022item-5\u0022\u003EPlace\u003C\/div\u003E\n                  \u003Cdiv class=\u0022item-6\u0022\u003EDate(s)\u003C\/div\u003E\n                  \u003Cdiv class=\u0022item-7\u0022\u003EDocuments\/Links\u003C\/div\u003E\n              \u003C\/div\u003E\n          \u003Cdiv class=\u0022row values\u0022\u003E\n                  \u003Cdiv class=\u0022item-0\u0022\u003E17387\u003C\/div\u003E\n                  \u003Cdiv class=\u0022item-1\u0022\u003EOther upcoming FAI-Sanctioned events (CAT.2)\u003C\/div\u003E\n                  \u003Cdiv class=\u0022item-2\u0022\u003EOpen International - World Cup Event\u003C\/div\u003E\n                  \u003Cdiv class=\u0022item-3\u0022\u003EAeromodelling\u003C\/div\u003E\n                  \u003Cdiv class=\u0022item-4\u0022\u003E\u003Cdiv class=\u0022field field--name-field-discipline-task-list-map field--type-entityreference field--label-hidden\u0022\u003E\u003Cdiv class=\u0022field__items\u0022\u003E\u003Cdiv class=\u0022field__item even\u0022\u003EF3 - Radio Controlled Flight - F3A (RC Aerobatic Aircraft)\u003C\/div\u003E\u003C\/div\u003E\u003C\/div\u003E\u003C\/div\u003E\n                  \u003Cdiv class=\u0022item-5\u0022\u003EOss, NED\u003C\/div\u003E\n                  \u003Cdiv class=\u0022item-6\u0022\u003E\u003Cdiv class=\u0022date-display-range\u0022\u003E\u003Cdiv class=\u0022date-start\u0022\u003E\u003Cspan class=\u0027day\u0027\u003E28\u003C\/span\u003E \u003Cspan class=\u0027month\u0027\u003EJun\u003C\/span\u003E\u003C\/div\u003E\u003Cspan class=\u0022date-display-to\u0022\u003E - \u003C\/span\u003E\u003Cdiv class=\u0022date-end\u0022\u003E\u003Cspan class=\u0027day\u0027\u003E29\u003C\/span\u003E \u003Cspan class=\u0027month\u0027\u003EJun\u003C\/span\u003E \u003Cspan class=\u0027year\u0027\u003E2025\u003C\/span\u003E\u003C\/div\u003E\u003C\/div\u003E\u003C\/div\u003E\n                  \u003Cdiv class=\u0022item-7\u0022\u003E\u003Cdiv class=\u0022pane-go-to-event-button text\u0022\u003E\u003Cdiv class=\u0022external-link-text\u0022\u003E\u003Ca href=\u0022https:\/\/www.lowlandcup.com\u0022 target=\u0022_blank\u0022\u003EOrganiser website\u003C\/a\u003E\u003C\/div\u003E\n\u003C\/div\u003E\n\u003C\/div\u003E\n              \u003C\/div\u003E\n      \u003C\/div\u003E\n  \u003Cdiv data-id-content=\u0022event-organiser\u0022\u003E\n          \u003Cdiv class=\u0022row columns\u0022\u003E\n                  \u003Cdiv class=\u0022item-0\u0022\u003EEvent organiser\u003C\/div\u003E\n                  \u003Cdiv class=\u0022item-1\u0022\u003EContact person\u003C\/div\u003E\n                  \u003Cdiv class=\u0022item-2\u0022\u003EAddress\u003C\/div\u003E\n                  \u003Cdiv class=\u0022item-3\u0022\u003EPhone\u003C\/div\u003E\n                  \u003Cdiv class=\u0022item-4\u0022\u003EFax\u003C\/div\u003E\n                  \u003Cdiv class=\u0022item-5\u0022\u003EEmail\u003C\/div\u003E\n              \u003C\/div\u003E\n          \u003Cdiv class=\u0022row values\u0022\u003E\n                  \u003Cdiv class=\u0022item-0\u0022\u003EModelvliegvereniging Delta Oss\u003C\/div\u003E\n                  \u003Cdiv class=\u0022item-1\u0022\u003ERoy Oostema\u003C\/div\u003E\n                  \u003Cdiv class=\u0022item-2\u0022\u003Evan Deelenstraat 32\u003C\/div\u003E\n                  \u003Cdiv class=\u0022item-3\u0022\u003E+31619019255__\u003C\/div\u003E\n                  \u003Cdiv class=\u0022item-4\u0022\u003E\u003C\/div\u003E\n                  \u003Cdiv class=\u0022item-5\u0022\u003E\u003Ca href=\u0022mailto:info@lowlandcup.com\u0022\u003Einfo@lowlandcup.com\u003C\/a\u003E\u003Cbr \/\u003E\u003Ca href=\u0022mailto:roostema@icloud.com\u0022\u003Eroostema@icloud.com\u003C\/a\u003E\u003C\/div\u003E\n              \u003C\/div\u003E\n      \u003C\/div\u003E\n  \u003Cdiv data-id-content=\u0022fai-member-of-the-organising-country\u0022\u003E\n          \u003Cdiv class=\u0022row columns\u0022\u003E\n                  \u003Cdiv class=\u0022item-0\u0022\u003EName\u003C\/div\u003E\n                  \u003Cdiv class=\u0022item-1\u0022\u003EAddress\u003C\/div\u003E\n                  \u003Cdiv class=\u0022item-2\u0022\u003EPhone\u003C\/div\u003E\n                  \u003Cdiv class=\u0022item-3\u0022\u003EFax\u003C\/div\u003E\n                  \u003Cdiv class=\u0022item-4\u0022\u003EEmail\u003C\/div\u003E\n                  \u003Cdiv class=\u0022item-5\u0022\u003EWebsite\u003C\/div\u003E\n              \u003C\/div\u003E\n          \u003Cdiv class=\u0022row values\u0022\u003E\n                  \u003Cdiv class=\u0022item-0\u0022\u003EKONINKLIJKE NEDERLANDSE VERENIGING VOOR LUCHTVAART\u003C\/div\u003E\n                  \u003Cdiv class=\u0022item-1\u0022\u003EHouttuinlaan 16-A\u003Cbr \/\u003E3447 GM\u003C\/div\u003E\n                  \u003Cdiv class=\u0022item-2\u0022\u003E+31 (0)348 437 060\u003C\/div\u003E\n                  \u003Cdiv class=\u0022item-3\u0022\u003E+31 (0)345 437 069\u003C\/div\u003E\n                  \u003Cdiv class=\u0022item-4\u0022\u003E\u003Ca href=\u0022mailto:office@knvvl.nl\u0022\u003Eoffice@knvvl.nl\u003C\/a\u003E\u003Cbr \/\u003E\u003Ca href=\u0022mailto:drs@knvvl.nl\u0022\u003Edrs@knvvl.nl\u003C\/a\u003E\u003C\/div\u003E\n                  \u003Cdiv class=\u0022item-5\u0022\u003E\u003Ca href=\u0022http:\/\/www.knvvl.nl\/\u0022 target=\u0022_blank\u0022\u003Ehttp:\/\/www.knvvl.nl\/\u003C\/a\u003E\u003C\/div\u003E\n              \u003C\/div\u003E\n      \u003C\/div\u003E\n\u003C\/div\u003E\n\n    \u003C\/div\u003E\n\u003Cdiv class=\u0022panel-pane pane-go-to-event-button\u0022\u003E\n            \u003Cdiv class=\u0022pane-go-to-event-button\u0022\u003E\u003Cdiv class=\u0022external-link\u0022\u003E\u003Ca href=\u0022https:\/\/www.lowlandcup.com\u0022 target=\u0022_blank\u0022\u003E\u003C\/a\u003E\u003C\/div\u003E\n\u003C\/div\u003E\n    \u003C\/div\u003E\n      \u003C\/div\u003E\n\u003C\/div\u003E\n    \u003C\/div\u003E\n      \u003C\/div\u003E\n\u003C\/div\u003E\n"},{"location":"lat: 47.2050219, lng: 9.5240771","title":"2025 F3A World Cup Liechtenstein \/ 57. Internationales Freundschaftsfliegen","content":"\u003Ch2\u003E2025 F3A World Cup Liechtenstein \/ 57. Internationales Freundschaftsfliegen\u003C\/h2\u003E\n\u003Cdiv class=\u0022panelizer-view-mode node node-map node-event node-201130\u0022\u003E\n          \u003Cdiv  class=\u0022penceo-one-column-simple\u0022\u003E\n            \u003Cdiv class=\u0022panel-pane pane-entity-field pane-node-title-field\u0022\u003E\n            \u003Cdiv class=\u0022field field--name-title-field field--type-text field--label-hidden\u0022\u003E\u003Cdiv class=\u0022field__items\u0022\u003E\u003Cdiv class=\u0022field__item even\u0022\u003E\u003Ch3\u003E2025 F3A World Cup Liechtenstein \/ 57. Internationales Freundschaftsfliegen\u003C\/h3\u003E\n\u003C\/div\u003E\u003C\/div\u003E\u003C\/div\u003E    \u003C\/div\u003E\n\u003Cdiv class=\u0022panel-pane pane-entity-view pane-node\u0022\u003E\n            \u003Cdiv class=\u0022panelizer-view-mode node node-list-details node-event node-201130\u0022\u003E\n          \u003Cdiv  class=\u0022penceo-one-column-simple\u0022\u003E\n            \u003Cdiv class=\u0022panel-pane pane-list-row-controller\u0022\u003E\n            \u003Cul class=\u0022tabs navigation\u0022\u003E\u003Cli class=\u0022information nav active\u0022 data-id=\u0022information\u0022\u003EInformation\u003C\/li\u003E\n\u003Cli class=\u0022event-organiser nav\u0022 data-id=\u0022event-organiser\u0022\u003EEvent organiser\u003C\/li\u003E\n\u003Cli class=\u0022fai-member-of-the-organising-country nav\u0022 data-id=\u0022fai-member-of-the-organising-country\u0022\u003EFAI Member of the Organising Country\u003C\/li\u003E\n\u003C\/ul\u003E\u003Cdiv class=\u0022switchable-contents\u0022\u003E\n  \u003Cdiv data-id-content=\u0022information\u0022 class=\u0022group-content\u0022\u003E\n          \u003Cdiv class=\u0022row columns\u0022\u003E\n                  \u003Cdiv class=\u0022item-0\u0022\u003EEvent ID\u003C\/div\u003E\n                  \u003Cdiv class=\u0022item-1\u0022\u003EEvent classification\u003C\/div\u003E\n                  \u003Cdiv class=\u0022item-2\u0022\u003EType of event\u003C\/div\u003E\n                  \u003Cdiv class=\u0022item-3\u0022\u003ESport\u003C\/div\u003E\n                  \u003Cdiv class=\u0022item-4\u0022\u003EDisciplines \/ Task Styles\u003C\/div\u003E\n                  \u003Cdiv class=\u0022item-5\u0022\u003EPlace\u003C\/div\u003E\n                  \u003Cdiv class=\u0022item-6\u0022\u003EDate(s)\u003C\/div\u003E\n                  \u003Cdiv class=\u0022item-7\u0022\u003EDocuments\/Links\u003C\/div\u003E\n              \u003C\/div\u003E\n          \u003Cdiv class=\u0022row values\u0022\u003E\n                  \u003Cdiv class=\u0022item-0\u0022\u003E17395\u003C\/div\u003E\n                  \u003Cdiv class=\u0022item-1\u0022\u003EOther upcoming FAI-Sanctioned events (CAT.2)\u003C\/div\u003E\n                  \u003Cdiv class=\u0022item-2\u0022\u003EOpen International - World Cup Event\u003C\/div\u003E\n                  \u003Cdiv class=\u0022item-3\u0022\u003EAeromodelling\u003C\/div\u003E\n                  \u003Cdiv class=\u0022item-4\u0022\u003E\u003Cdiv class=\u0022field field--name-field-discipline-task-list-map field--type-entityreference field--label-hidden\u0022\u003E\u003Cdiv class=\u0022field__items\u0022\u003E\u003Cdiv class=\u0022field__item even\u0022\u003EF3 - Radio Controlled Flight - F3A (RC Aerobatic Aircraft)\u003C\/div\u003E\u003C\/div\u003E\u003C\/div\u003E\u003C\/div\u003E\n                  \u003Cdiv class=\u0022item-5\u0022\u003EEschen-Bendern, LIE\u003C\/div\u003E\n                  \u003Cdiv class=\u0022item-6\u0022\u003E\u003Cdiv class=\u0022date-display-range\u0022\u003E\u003Cdiv class=\u0022date-start\u0022\u003E\u003Cspan class=\u0027day\u0027\u003E05\u003C\/span\u003E \u003Cspan class=\u0027month\u0027\u003EJul\u003C\/span\u003E\u003C\/div\u003E\u003Cspan class=\u0022date-display-to\u0022\u003E - \u003C\/span\u003E\u003Cdiv class=\u0022date-end\u0022\u003E\u003Cspan class=\u0027day\u0027\u003E06\u003C\/span\u003E \u003Cspan class=\u0027month\u0027\u003EJul\u003C\/span\u003E \u003Cspan class=\u0027year\u0027\u003E2025\u003C\/span\u003E\u003C\/div\u003E\u003C\/div\u003EAlternate date(s):\u003Cdiv class=\u0022date-display-range\u0022\u003E\u003Cdiv class=\u0022date-start\u0022\u003E\u003Cspan class=\u0027day\u0027\u003E05\u003C\/span\u003E \u003Cspan class=\u0027month\u0027\u003EJul\u003C\/span\u003E\u003C\/div\u003E\u003Cspan class=\u0022date-display-to\u0022\u003E - \u003C\/span\u003E\u003Cdiv class=\u0022date-end\u0022\u003E\u003Cspan class=\u0027day\u0027\u003E06\u003C\/span\u003E \u003Cspan class=\u0027month\u0027\u003EJul\u003C\/span\u003E \u003Cspan class=\u0027year\u0027\u003E2025\u003C\/span\u003E\u003C\/div\u003E\u003C\/div\u003E\u003C\/div\u003E\n                  \u003Cdiv class=\u0022item-7\u0022\u003E\u003Cdiv class=\u0022pane-go-to-event-button text\u0022\u003E\u003Cdiv class=\u0022external-link-text\u0022\u003E\u003Ca href=\u0022https:\/\/mfgl.li\/\u0022 target=\u0022_blank\u0022\u003EOrganiser website\u003C\/a\u003E\u003C\/div\u003E\n\u003C\/div\u003E\n\u003C\/div\u003E\n              \u003C\/div\u003E\n      \u003C\/div\u003E\n  \u003Cdiv data-id-content=\u0022event-organiser\u0022\u003E\n          \u003Cdiv class=\u0022row columns\u0022\u003E\n                  \u003Cdiv class=\u0022item-0\u0022\u003EEvent organiser\u003C\/div\u003E\n                  \u003Cdiv class=\u0022item-1\u0022\u003EContact person\u003C\/div\u003E\n                  \u003Cdiv class=\u0022item-2\u0022\u003EAddress\u003C\/div\u003E\n                  \u003Cdiv class=\u0022item-3\u0022\u003EPhone\u003C\/div\u003E\n                  \u003Cdiv class=\u0022item-4\u0022\u003EFax\u003C\/div\u003E\n                  \u003Cdiv class=\u0022item-5\u0022\u003EEmail\u003C\/div\u003E\n              \u003C\/div\u003E\n          \u003Cdiv class=\u0022row values\u0022\u003E\n                  \u003Cdiv class=\u0022item-0\u0022\u003EModellfluggruppe Liechtenstein\u003C\/div\u003E\n                  \u003Cdiv class=\u0022item-1\u0022\u003EDaniel Schierscher\u003C\/div\u003E\n                  \u003Cdiv class=\u0022item-2\u0022\u003E\u003C\/div\u003E\n                  \u003Cdiv class=\u0022item-3\u0022\u003E+41786056768__\u003C\/div\u003E\n                  \u003Cdiv class=\u0022item-4\u0022\u003E\u003C\/div\u003E\n                  \u003Cdiv class=\u0022item-5\u0022\u003E\u003Ca href=\u0022mailto:president@mfgl.li\u0022\u003Epresident@mfgl.li\u003C\/a\u003E\u003C\/div\u003E\n              \u003C\/div\u003E\n      \u003C\/div\u003E\n  \u003Cdiv data-id-content=\u0022fai-member-of-the-organising-country\u0022\u003E\n          \u003Cdiv class=\u0022row columns\u0022\u003E\n                  \u003Cdiv class=\u0022item-0\u0022\u003EName\u003C\/div\u003E\n                  \u003Cdiv class=\u0022item-1\u0022\u003EAddress\u003C\/div\u003E\n                  \u003Cdiv class=\u0022item-2\u0022\u003EPhone\u003C\/div\u003E\n                  \u003Cdiv class=\u0022item-3\u0022\u003EFax\u003C\/div\u003E\n                  \u003Cdiv class=\u0022item-4\u0022\u003EEmail\u003C\/div\u003E\n                  \u003Cdiv class=\u0022item-5\u0022\u003EWebsite\u003C\/div\u003E\n              \u003C\/div\u003E\n          \u003Cdiv class=\u0022row values\u0022\u003E\n                  \u003Cdiv class=\u0022item-0\u0022\u003EMODELLFLUGGRUPPE LIECHTENSTEIN\u003C\/div\u003E\n                  \u003Cdiv class=\u0022item-1\u0022\u003EIn der Fina 15\u003Cbr \/\u003E9494\u003C\/div\u003E\n                  \u003Cdiv class=\u0022item-2\u0022\u003E+41 78 6056768\u003C\/div\u003E\n                  \u003Cdiv class=\u0022item-3\u0022\u003E\u003C\/div\u003E\n                  \u003Cdiv class=\u0022item-4\u0022\u003E\u003Ca href=\u0022mailto:president@mfgl.li\u0022\u003Epresident@mfgl.li\u003C\/a\u003E\u003Cbr \/\u003E\u003Ca href=\u0022mailto:w.matt@fl1.li\u0022\u003Ew.matt@fl1.li\u003C\/a\u003E\u003C\/div\u003E\n                  \u003Cdiv class=\u0022item-5\u0022\u003E\u003Ca href=\u0022http:\/\/www.mfgl.li\/\u0022 target=\u0022_blank\u0022\u003Ehttp:\/\/www.mfgl.li\/\u003C\/a\u003E\u003C\/div\u003E\n              \u003C\/div\u003E\n      \u003C\/div\u003E\n\u003C\/div\u003E\n\n    \u003C\/div\u003E\n\u003Cdiv class=\u0022panel-pane pane-go-to-event-button\u0022\u003E\n            \u003Cdiv class=\u0022pane-go-to-event-button\u0022\u003E\u003Cdiv class=\u0022external-link\u0022\u003E\u003Ca href=\u0022https:\/\/mfgl.li\/\u0022 target=\u0022_blank\u0022\u003E\u003C\/a\u003E\u003C\/div\u003E\n\u003C\/div\u003E\n    \u003C\/div\u003E\n      \u003C\/div\u003E\n\u003C\/div\u003E\n    \u003C\/div\u003E\n      \u003C\/div\u003E\n\u003C\/div\u003E\n"},{"location":"lat: 47.169773, lng: 8.975433","title":"2025 Coupe des Alpes","content":"\u003Ch2\u003E2025 Coupe des Alpes\u003C\/h2\u003E\n\u003Cdiv class=\u0022panelizer-view-mode node node-map node-event node-201129\u0022\u003E\n          \u003Cdiv  class=\u0022penceo-one-column-simple\u0022\u003E\n            \u003Cdiv class=\u0022panel-pane pane-entity-field pane-node-title-field\u0022\u003E\n            \u003Cdiv class=\u0022field field--name-title-field field--type-text field--label-hidden\u0022\u003E\u003Cdiv class=\u0022field__items\u0022\u003E\u003Cdiv class=\u0022field__item even\u0022\u003E\u003Ch3\u003E2025 Coupe des Alpes\u003C\/h3\u003E\n\u003C\/div\u003E\u003C\/div\u003E\u003C\/div\u003E    \u003C\/div\u003E\n\u003Cdiv class=\u0022panel-pane pane-entity-view pane-node\u0022\u003E\n            \u003Cdiv class=\u0022panelizer-view-mode node node-list-details node-event node-201129\u0022\u003E\n          \u003Cdiv  class=\u0022penceo-one-column-simple\u0022\u003E\n            \u003Cdiv class=\u0022panel-pane pane-list-row-controller\u0022\u003E\n            \u003Cul class=\u0022tabs navigation\u0022\u003E\u003Cli class=\u0022information nav active\u0022 data-id=\u0022information\u0022\u003EInformation\u003C\/li\u003E\n\u003Cli class=\u0022event-organiser nav\u0022 data-id=\u0022event-organiser\u0022\u003EEvent organiser\u003C\/li\u003E\n\u003Cli class=\u0022fai-member-of-the-organising-country nav\u0022 data-id=\u0022fai-member-of-the-organising-country\u0022\u003EFAI Member of the Organising Country\u003C\/li\u003E\n\u003C\/ul\u003E\u003Cdiv class=\u0022switchable-contents\u0022\u003E\n  \u003Cdiv data-id-content=\u0022information\u0022 class=\u0022group-content\u0022\u003E\n          \u003Cdiv class=\u0022row columns\u0022\u003E\n                  \u003Cdiv class=\u0022item-0\u0022\u003EEvent ID\u003C\/div\u003E\n                  \u003Cdiv class=\u0022item-1\u0022\u003EEvent classification\u003C\/div\u003E\n                  \u003Cdiv class=\u0022item-2\u0022\u003EType of event\u003C\/div\u003E\n                  \u003Cdiv class=\u0022item-3\u0022\u003ESport\u003C\/div\u003E\n                  \u003Cdiv class=\u0022item-4\u0022\u003EDisciplines \/ Task Styles\u003C\/div\u003E\n                  \u003Cdiv class=\u0022item-5\u0022\u003EPlace\u003C\/div\u003E\n                  \u003Cdiv class=\u0022item-6\u0022\u003EDate(s)\u003C\/div\u003E\n                  \u003Cdiv class=\u0022item-7\u0022\u003EDocuments\/Links\u003C\/div\u003E\n              \u003C\/div\u003E\n          \u003Cdiv class=\u0022row values\u0022\u003E\n                  \u003Cdiv class=\u0022item-0\u0022\u003E17392\u003C\/div\u003E\n                  \u003Cdiv class=\u0022item-1\u0022\u003EOther upcoming FAI-Sanctioned events (CAT.2)\u003C\/div\u003E\n                  \u003Cdiv class=\u0022item-2\u0022\u003EOpen International - World Cup Event\u003C\/div\u003E\n                  \u003Cdiv class=\u0022item-3\u0022\u003EAeromodelling\u003C\/div\u003E\n                  \u003Cdiv class=\u0022item-4\u0022\u003E\u003Cdiv class=\u0022field field--name-field-discipline-task-list-map field--type-entityreference field--label-hidden\u0022\u003E\u003Cdiv class=\u0022field__items\u0022\u003E\u003Cdiv class=\u0022field__item even\u0022\u003EF3 - Radio Controlled Flight - F3A (RC Aerobatic Aircraft)\u003C\/div\u003E\u003C\/div\u003E\u003C\/div\u003E\u003C\/div\u003E\n                  \u003Cdiv class=\u0022item-5\u0022\u003EReichenburg, SUI\u003C\/div\u003E\n                  \u003Cdiv class=\u0022item-6\u0022\u003E\u003Cdiv class=\u0022date-display-range\u0022\u003E\u003Cdiv class=\u0022date-start\u0022\u003E\u003Cspan class=\u0027day\u0027\u003E12\u003C\/span\u003E \u003Cspan class=\u0027month\u0027\u003EJul\u003C\/span\u003E\u003C\/div\u003E\u003Cspan class=\u0022date-display-to\u0022\u003E - \u003C\/span\u003E\u003Cdiv class=\u0022date-end\u0022\u003E\u003Cspan class=\u0027day\u0027\u003E13\u003C\/span\u003E \u003Cspan class=\u0027month\u0027\u003EJul\u003C\/span\u003E \u003Cspan class=\u0027year\u0027\u003E2025\u003C\/span\u003E\u003C\/div\u003E\u003C\/div\u003E\u003C\/div\u003E\n                  \u003Cdiv class=\u0022item-7\u0022\u003E\u003Cdiv class=\u0022pane-go-to-event-button text\u0022\u003E\u003Cdiv class=\u0022external-link-text\u0022\u003E\u003Ca href=\u0022https:\/\/www.modellflug.ch\u0022 target=\u0022_blank\u0022\u003EOrganiser website\u003C\/a\u003E\u003C\/div\u003E\n\u003C\/div\u003E\n\u003C\/div\u003E\n              \u003C\/div\u003E\n      \u003C\/div\u003E\n  \u003Cdiv data-id-content=\u0022event-organiser\u0022\u003E\n          \u003Cdiv class=\u0022row columns\u0022\u003E\n                  \u003Cdiv class=\u0022item-0\u0022\u003EEvent organiser\u003C\/div\u003E\n                  \u003Cdiv class=\u0022item-1\u0022\u003EContact person\u003C\/div\u003E\n                  \u003Cdiv class=\u0022item-2\u0022\u003EAddress\u003C\/div\u003E\n                  \u003Cdiv class=\u0022item-3\u0022\u003EPhone\u003C\/div\u003E\n                  \u003Cdiv class=\u0022item-4\u0022\u003EFax\u003C\/div\u003E\n                  \u003Cdiv class=\u0022item-5\u0022\u003EEmail\u003C\/div\u003E\n              \u003C\/div\u003E\n          \u003Cdiv class=\u0022row values\u0022\u003E\n                  \u003Cdiv class=\u0022item-0\u0022\u003ERegion NOS, MG Reichenburg\u003C\/div\u003E\n                  \u003Cdiv class=\u0022item-1\u0022\u003EGIEZENDANNER Emil\u003C\/div\u003E\n                  \u003Cdiv class=\u0022item-2\u0022\u003E\u003C\/div\u003E\n                  \u003Cdiv class=\u0022item-3\u0022\u003E+41796925180__\u003C\/div\u003E\n                  \u003Cdiv class=\u0022item-4\u0022\u003E\u003C\/div\u003E\n                  \u003Cdiv class=\u0022item-5\u0022\u003E\u003Ca href=\u0022mailto:ebi.giezendanner@bluewin.ch\u0022\u003Eebi.giezendanner@bluewin.ch\u003C\/a\u003E\u003C\/div\u003E\n              \u003C\/div\u003E\n      \u003C\/div\u003E\n  \u003Cdiv data-id-content=\u0022fai-member-of-the-organising-country\u0022\u003E\n          \u003Cdiv class=\u0022row columns\u0022\u003E\n                  \u003Cdiv class=\u0022item-0\u0022\u003EName\u003C\/div\u003E\n                  \u003Cdiv class=\u0022item-1\u0022\u003EAddress\u003C\/div\u003E\n                  \u003Cdiv class=\u0022item-2\u0022\u003EPhone\u003C\/div\u003E\n                  \u003Cdiv class=\u0022item-3\u0022\u003EFax\u003C\/div\u003E\n                  \u003Cdiv class=\u0022item-4\u0022\u003EEmail\u003C\/div\u003E\n                  \u003Cdiv class=\u0022item-5\u0022\u003EWebsite\u003C\/div\u003E\n              \u003C\/div\u003E\n          \u003Cdiv class=\u0022row values\u0022\u003E\n                  \u003Cdiv class=\u0022item-0\u0022\u003EAERO-CLUB DER SCHWEIZ\u003C\/div\u003E\n                  \u003Cdiv class=\u0022item-1\u0022\u003EMaihofstrasse 76\u003Cbr \/\u003E6006\u003C\/div\u003E\n                  \u003Cdiv class=\u0022item-2\u0022\u003E+41 (41) 375 01 01\u003C\/div\u003E\n                  \u003Cdiv class=\u0022item-3\u0022\u003E+41 (41) 375 01 02\u003C\/div\u003E\n                  \u003Cdiv class=\u0022item-4\u0022\u003E\u003Ca href=\u0022mailto:burkhardt@aeroclub.ch\u0022\u003Eburkhardt@aeroclub.ch\u003C\/a\u003E\u003Cbr \/\u003E\u003Ca href=\u0022mailto:info@aeroclub.ch\u0022\u003Einfo@aeroclub.ch\u003C\/a\u003E\u003C\/div\u003E\n                  \u003Cdiv class=\u0022item-5\u0022\u003E\u003Ca href=\u0022http:\/\/www.aeroclub.ch\u0022 target=\u0022_blank\u0022\u003Ehttp:\/\/www.aeroclub.ch\u003C\/a\u003E\u003C\/div\u003E\n              \u003C\/div\u003E\n      \u003C\/div\u003E\n\u003C\/div\u003E\n\n    \u003C\/div\u003E\n\u003Cdiv class=\u0022panel-pane pane-go-to-event-button\u0022\u003E\n            \u003Cdiv class=\u0022pane-go-to-event-button\u0022\u003E\u003Cdiv class=\u0022external-link\u0022\u003E\u003Ca href=\u0022https:\/\/www.modellflug.ch\u0022 target=\u0022_blank\u0022\u003E\u003C\/a\u003E\u003C\/div\u003E\n\u003C\/div\u003E\n    \u003C\/div\u003E\n      \u003C\/div\u003E\n\u003C\/div\u003E\n    \u003C\/div\u003E\n      \u003C\/div\u003E\n\u003C\/div\u003E\n"},{"location":"lat: 46.7104236, lng: 11.6524696","title":"2025 13\u00aa SUDTIROLER F3A World Cup","content":"\u003Ch2\u003E2025 13\u00aa SUDTIROLER F3A World Cup\u003C\/h2\u003E\n\u003Cdiv class=\u0022panelizer-view-mode node node-map node-event node-201297\u0022\u003E\n          \u003Cdiv  class=\u0022penceo-one-column-simple\u0022\u003E\n            \u003Cdiv class=\u0022panel-pane pane-entity-field pane-node-title-field\u0022\u003E\n            \u003Cdiv class=\u0022field field--name-title-field field--type-text field--label-hidden\u0022\u003E\u003Cdiv class=\u0022field__items\u0022\u003E\u003Cdiv class=\u0022field__item even\u0022\u003E\u003Ch3\u003E2025 13\u00aa SUDTIROLER F3A World Cup\u003C\/h3\u003E\n\u003C\/div\u003E\u003C\/div\u003E\u003C\/div\u003E    \u003C\/div\u003E\n\u003Cdiv class=\u0022panel-pane pane-entity-view pane-node\u0022\u003E\n            \u003Cdiv class=\u0022panelizer-view-mode node node-list-details node-event node-201297\u0022\u003E\n          \u003Cdiv  class=\u0022penceo-one-column-simple\u0022\u003E\n            \u003Cdiv class=\u0022panel-pane pane-list-row-controller\u0022\u003E\n            \u003Cul class=\u0022tabs navigation\u0022\u003E\u003Cli class=\u0022information nav active\u0022 data-id=\u0022information\u0022\u003EInformation\u003C\/li\u003E\n\u003Cli class=\u0022event-organiser nav\u0022 data-id=\u0022event-organiser\u0022\u003EEvent organiser\u003C\/li\u003E\n\u003Cli class=\u0022fai-member-of-the-organising-country nav\u0022 data-id=\u0022fai-member-of-the-organising-country\u0022\u003EFAI Member of the Organising Country\u003C\/li\u003E\n\u003C\/ul\u003E\u003Cdiv class=\u0022switchable-contents\u0022\u003E\n  \u003Cdiv data-id-content=\u0022information\u0022 class=\u0022group-content\u0022\u003E\n          \u003Cdiv class=\u0022row columns\u0022\u003E\n                  \u003Cdiv class=\u0022item-0\u0022\u003EEvent ID\u003C\/div\u003E\n                  \u003Cdiv class=\u0022item-1\u0022\u003EEvent classification\u003C\/div\u003E\n                  \u003Cdiv class=\u0022item-2\u0022\u003EType of event\u003C\/div\u003E\n                  \u003Cdiv class=\u0022item-3\u0022\u003ESport\u003C\/div\u003E\n                  \u003Cdiv class=\u0022item-4\u0022\u003EDisciplines \/ Task Styles\u003C\/div\u003E\n                  \u003Cdiv class=\u0022item-5\u0022\u003EPlace\u003C\/div\u003E\n                  \u003Cdiv class=\u0022item-6\u0022\u003EDate(s)\u003C\/div\u003E\n                  \u003Cdiv class=\u0022item-7\u0022\u003EDocuments\/Links\u003C\/div\u003E\n              \u003C\/div\u003E\n          \u003Cdiv class=\u0022row values\u0022\u003E\n                  \u003Cdiv class=\u0022item-0\u0022\u003E17506\u003C\/div\u003E\n                  \u003Cdiv class=\u0022item-1\u0022\u003EOther upcoming FAI-Sanctioned events (CAT.2)\u003C\/div\u003E\n                  \u003Cdiv class=\u0022item-2\u0022\u003EOpen International - World Cup Event\u003C\/div\u003E\n                  \u003Cdiv class=\u0022item-3\u0022\u003EAeromodelling\u003C\/div\u003E\n                  \u003Cdiv class=\u0022item-4\u0022\u003E\u003Cdiv class=\u0022field field--name-field-discipline-task-list-map field--type-entityreference field--label-hidden\u0022\u003E\u003Cdiv class=\u0022field__items\u0022\u003E\u003Cdiv class=\u0022field__item even\u0022\u003EF3 - Radio Controlled Flight - F3A (RC Aerobatic Aircraft)\u003C\/div\u003E\u003C\/div\u003E\u003C\/div\u003E\u003C\/div\u003E\n                  \u003Cdiv class=\u0022item-5\u0022\u003EBressanone - Brixen (BZ), ITA\u003C\/div\u003E\n                  \u003Cdiv class=\u0022item-6\u0022\u003E\u003Cdiv class=\u0022date-display-range\u0022\u003E\u003Cdiv class=\u0022date-start\u0022\u003E\u003Cspan class=\u0027day\u0027\u003E19\u003C\/span\u003E \u003Cspan class=\u0027month\u0027\u003EJul\u003C\/span\u003E\u003C\/div\u003E\u003Cspan class=\u0022date-display-to\u0022\u003E - \u003C\/span\u003E\u003Cdiv class=\u0022date-end\u0022\u003E\u003Cspan class=\u0027day\u0027\u003E20\u003C\/span\u003E \u003Cspan class=\u0027month\u0027\u003EJul\u003C\/span\u003E \u003Cspan class=\u0027year\u0027\u003E2025\u003C\/span\u003E\u003C\/div\u003E\u003C\/div\u003EAlternate date(s):\u003Cdiv class=\u0022date-display-range\u0022\u003E\u003Cdiv class=\u0022date-start\u0022\u003E\u003Cspan class=\u0027day\u0027\u003E26\u003C\/span\u003E \u003Cspan class=\u0027month\u0027\u003EJul\u003C\/span\u003E\u003C\/div\u003E\u003Cspan class=\u0022date-display-to\u0022\u003E - \u003C\/span\u003E\u003Cdiv class=\u0022date-end\u0022\u003E\u003Cspan class=\u0027day\u0027\u003E27\u003C\/span\u003E \u003Cspan class=\u0027month\u0027\u003EJul\u003C\/span\u003E \u003Cspan class=\u0027year\u0027\u003E2025\u003C\/span\u003E\u003C\/div\u003E\u003C\/div\u003E\u003C\/div\u003E\n                  \u003Cdiv class=\u0022item-7\u0022\u003E\u003Cdiv class=\u0022pane-go-to-event-button text\u0022\u003E\u003Cdiv class=\u0022external-link-text\u0022\u003E\u003Ca href=\u0022https:\/\/www.buschflieger.com\u0022 target=\u0022_blank\u0022\u003EOrganiser website\u003C\/a\u003E\u003C\/div\u003E\n\u003C\/div\u003E\n\u003C\/div\u003E\n              \u003C\/div\u003E\n      \u003C\/div\u003E\n  \u003Cdiv data-id-content=\u0022event-organiser\u0022\u003E\n          \u003Cdiv class=\u0022row columns\u0022\u003E\n                  \u003Cdiv class=\u0022item-0\u0022\u003EEvent organiser\u003C\/div\u003E\n                  \u003Cdiv class=\u0022item-1\u0022\u003EContact person\u003C\/div\u003E\n                  \u003Cdiv class=\u0022item-2\u0022\u003EAddress\u003C\/div\u003E\n                  \u003Cdiv class=\u0022item-3\u0022\u003EPhone\u003C\/div\u003E\n                  \u003Cdiv class=\u0022item-4\u0022\u003EFax\u003C\/div\u003E\n                  \u003Cdiv class=\u0022item-5\u0022\u003EEmail\u003C\/div\u003E\n              \u003C\/div\u003E\n          \u003Cdiv class=\u0022row values\u0022\u003E\n                  \u003Cdiv class=\u0022item-0\u0022\u003EACAME\u003C\/div\u003E\n                  \u003Cdiv class=\u0022item-1\u0022\u003EPaola Battaini\u003C\/div\u003E\n                  \u003Cdiv class=\u0022item-2\u0022\u003EVia Strambio, 23\u003Cbr \/\u003EMILANO\u003Cbr \/\u003E20133\u003C\/div\u003E\n                  \u003Cdiv class=\u0022item-3\u0022\u003E+390236756176_\u003C\/div\u003E\n                  \u003Cdiv class=\u0022item-4\u0022\u003E\u003C\/div\u003E\n                  \u003Cdiv class=\u0022item-5\u0022\u003E\u003Ca href=\u0022mailto:segreteria@acame.it\u0022\u003Esegreteria@acame.it\u003C\/a\u003E\u003Cbr \/\u003E\u003Ca href=\u0022mailto:info@buschflieger.com\u0022\u003Einfo@buschflieger.com\u003C\/a\u003E\u003C\/div\u003E\n              \u003C\/div\u003E\n      \u003C\/div\u003E\n  \u003Cdiv data-id-content=\u0022fai-member-of-the-organising-country\u0022\u003E\n          \u003Cdiv class=\u0022row columns\u0022\u003E\n                  \u003Cdiv class=\u0022item-0\u0022\u003EName\u003C\/div\u003E\n                  \u003Cdiv class=\u0022item-1\u0022\u003EAddress\u003C\/div\u003E\n                  \u003Cdiv class=\u0022item-2\u0022\u003EPhone\u003C\/div\u003E\n                  \u003Cdiv class=\u0022item-3\u0022\u003EFax\u003C\/div\u003E\n                  \u003Cdiv class=\u0022item-4\u0022\u003EEmail\u003C\/div\u003E\n                  \u003Cdiv class=\u0022item-5\u0022\u003EWebsite\u003C\/div\u003E\n              \u003C\/div\u003E\n          \u003Cdiv class=\u0022row values\u0022\u003E\n                  \u003Cdiv class=\u0022item-0\u0022\u003EAERO CLUB D\u0027ITALIA\u003C\/div\u003E\n                  \u003Cdiv class=\u0022item-1\u0022\u003EVia Cesare Beccaria 35\/A\u003Cbr \/\u003E00196\u003C\/div\u003E\n                  \u003Cdiv class=\u0022item-2\u0022\u003E+39 (0)6 36 08 461\u003C\/div\u003E\n                  \u003Cdiv class=\u0022item-3\u0022\u003E+39 06 32 60 92 26\u003C\/div\u003E\n                  \u003Cdiv class=\u0022item-4\u0022\u003E\u003Ca href=\u0022mailto:resp.sportivo@aeroclubitalia.it\u0022\u003Eresp.sportivo@aeroclubitalia.it\u003C\/a\u003E\u003C\/div\u003E\n                  \u003Cdiv class=\u0022item-5\u0022\u003E\u003Ca href=\u0022http:\/\/www.aeci.it\u0022 target=\u0022_blank\u0022\u003Ehttp:\/\/www.aeci.it\u003C\/a\u003E\u003C\/div\u003E\n              \u003C\/div\u003E\n      \u003C\/div\u003E\n\u003C\/div\u003E\n\n    \u003C\/div\u003E\n\u003Cdiv class=\u0022panel-pane pane-go-to-event-button\u0022\u003E\n            \u003Cdiv class=\u0022pane-go-to-event-button\u0022\u003E\u003Cdiv class=\u0022external-link\u0022\u003E\u003Ca href=\u0022https:\/\/www.buschflieger.com\u0022 target=\u0022_blank\u0022\u003E\u003C\/a\u003E\u003C\/div\u003E\n\u003C\/div\u003E\n    \u003C\/div\u003E\n      \u003C\/div\u003E\n\u003C\/div\u003E\n    \u003C\/div\u003E\n      \u003C\/div\u003E\n\u003C\/div\u003E\n"}],"widget":"manual"}},"merge":true},{"command":"insert","method":"replaceWith","selector":".fai-event-list-content","data":"\u003Cdiv id=\u0022map\u0022 class=\u0022fai-event-list-content map-display\u0022\u003E\u003Ch2\u003EEvents - Map\u003C\/h2\u003E\n\u003Cdiv class=\u0022event-list-view-widget\u0022\u003E\u003Cdiv id=\u0022event-list-display-map\u0022\u003E\u003C\/div\u003E\u003C\/div\u003E\n\u003C\/div\u003E","settings":null}]